 {"id":3619,"date":"2021-06-22T08:31:54","date_gmt":"2021-06-22T06:31:54","guid":{"rendered":"https:\/\/zabnica.e-przedszkolak.eu\/?p=3619"},"modified":"2021-06-22T08:31:54","modified_gmt":"2021-06-22T06:31:54","slug":"wycieczka-do-klubu-turystycznego-piekielko","status":"publish","type":"post","link":"https:\/\/zabnica.e-przedszkolak.eu\/archiwum\/2021\/06\/22\/wycieczka-do-klubu-turystycznego-piekielko\/","title":{"rendered":"Wycieczka do Klubu turystycznego \u201ePIEKIE\u0141KO\u201d"},"content":{"rendered":"<p style=\"text-align: justify;\">Korzystaj\u0105c ze s\u0142onecznej pi\u0119knej pogody 17 czerwca dzieci z ca\u0142ego przedszkola wybra\u0142y si\u0119 na wycieczk\u0119 do Klubu turystycznego \u201ePIEKIE\u0141KO\u201d. Zabawa by\u0142a przednia\u2026\u2026 Przedszkolaki mia\u0142y wiele atrakcji! &#8211; spacer tras\u0105 w kierunku &#8222;Wsp\u00f3lnej&#8221;, pyszne lody, ognisko z kie\u0142bask\u0105, zabawy i ta\u0144ce.<!--more-->Wycieczka by\u0142a bardzo udana, a dzieci zachwycone. Serdecznie dzi\u0119kujemy pani Bernadecie i panu Zdzis\u0142awowi Kupczak za go\u015bcinno\u015b\u0107!<\/p>\nngg_shortcode_0_placeholder\n","protected":false},"excerpt":{"rendered":"<p>Korzystaj\u0105c ze s\u0142onecznej pi\u0119knej pogody 17 czerwca dzieci z ca\u0142ego przedszkola wybra\u0142y si\u0119 na wycieczk\u0119 do Klubu turystycznego \u201ePIEKIE\u0141KO\u201d. Zabawa by\u0142a przednia\u2026\u2026 Przedszkolaki mia\u0142y wiele atrakcji! &#8211; spacer tras\u0105 w kierunku &#8222;Wsp\u00f3lnej&#8221;, pyszne lody, ognisko z kie\u0142bask\u0105, zabawy i ta\u0144ce.<\/p>\n","protected":false},"author":3,"featured_media":3630,"comment_status":"open","ping_status":"open","sticky":false,"template":"","format":"standard","meta":{"ngg_post_thumbnail":0,"footnotes":""},"categories":[1],"tags":[],"class_list":["post-3619","post","type-post","status-publish","format-standard","has-post-thumbnail","hentry","category-bez-kategorii"],"_links":{"self":[{"href":"https:\/\/zabnica.e-przedszkolak.eu\/archiwum\/wp-json\/wp\/v2\/posts\/3619","targetHints":{"allow":["GET"]}}],"collection":[{"href":"https:\/\/zabnica.e-przedszkolak.eu\/archiwum\/wp-json\/wp\/v2\/posts"}],"about":[{"href":"https:\/\/zabnica.e-przedszkolak.eu\/archiwum\/wp-json\/wp\/v2\/types\/post"}],"author":[{"embeddable":true,"href":"https:\/\/zabnica.e-przedszkolak.eu\/archiwum\/wp-json\/wp\/v2\/users\/3"}],"replies":[{"embeddable":true,"href":"https:\/\/zabnica.e-przedszkolak.eu\/archiwum\/wp-json\/wp\/v2\/comments?post=3619"}],"version-history":[{"count":1,"href":"https:\/\/zabnica.e-przedszkolak.eu\/archiwum\/wp-json\/wp\/v2\/posts\/3619\/revisions"}],"predecessor-version":[{"id":3631,"href":"https:\/\/zabnica.e-przedszkolak.eu\/archiwum\/wp-json\/wp\/v2\/posts\/3619\/revisions\/3631"}],"wp:featuredmedia":[{"embeddable":true,"href":"https:\/\/zabnica.e-przedszkolak.eu\/archiwum\/wp-json\/wp\/v2\/media\/3630"}],"wp:attachment":[{"href":"https:\/\/zabnica.e-przedszkolak.eu\/archiwum\/wp-json\/wp\/v2\/media?parent=3619"}],"wp:term":[{"taxonomy":"category","embeddable":true,"href":"https:\/\/zabnica.e-przedszkolak.eu\/archiwum\/wp-json\/wp\/v2\/categories?post=3619"},{"taxonomy":"post_tag","embeddable":true,"href":"https:\/\/zabnica.e-przedszkolak.eu\/archiwum\/wp-json\/wp\/v2\/tags?post=3619"}],"curies":[{"name":"wp","href":"https:\/\/api.w.org\/{rel}","templated":true}]}}