 {"id":3632,"date":"2021-06-24T22:09:33","date_gmt":"2021-06-24T20:09:33","guid":{"rendered":"https:\/\/zabnica.e-przedszkolak.eu\/?p=3632"},"modified":"2021-06-24T22:09:33","modified_gmt":"2021-06-24T20:09:33","slug":"przedszkolaki-rozwijaja-skrzydla","status":"publish","type":"post","link":"https:\/\/zabnica.e-przedszkolak.eu\/archiwum\/2021\/06\/24\/przedszkolaki-rozwijaja-skrzydla\/","title":{"rendered":"PRZEDSZKOLAKI ROZWIJAJ\u0104 SKRZYD\u0141A!"},"content":{"rendered":"<p style=\"text-align: justify;\">Reprezentacja naszego przedszkola : grupa Smerfy, Wojciech Biegun, Anna Golec, Antonina Pawlus i Zofia Kupczak pokazali na scenie w W\u0119gierskiej G\u00f3rce sw\u00f3j talent!!!! Wzi\u0119li udzia\u0142 w VI edycji konkursu gminnego &#8221; Rozwi\u0144 skrzyd\u0142a- poka\u017c nam sw\u00f3j talent&#8221;! <!--more-->Konkurencja by\u0142a ogromna, ale dali\u015bmy rad\u0119 i ju\u017c w najbli\u017cszy pi\u0105tek wyruszamy po odbi\u00f3r nagr\u00f3d! Bardzo dzi\u0119kujemy organizatorom za zaproszenie\ud83d\ude01<\/p>\nngg_shortcode_0_placeholder\n","protected":false},"excerpt":{"rendered":"<p>Reprezentacja naszego przedszkola : grupa Smerfy, Wojciech Biegun, Anna Golec, Antonina Pawlus i Zofia Kupczak pokazali na scenie w W\u0119gierskiej G\u00f3rce sw\u00f3j talent!!!! Wzi\u0119li udzia\u0142 w VI edycji konkursu gminnego &#8221; Rozwi\u0144 skrzyd\u0142a- poka\u017c nam sw\u00f3j talent&#8221;!<\/p>\n","protected":false},"author":3,"featured_media":3640,"comment_status":"open","ping_status":"open","sticky":false,"template":"","format":"standard","meta":{"ngg_post_thumbnail":0,"footnotes":""},"categories":[1],"tags":[],"class_list":["post-3632","post","type-post","status-publish","format-standard","has-post-thumbnail","hentry","category-bez-kategorii"],"_links":{"self":[{"href":"https:\/\/zabnica.e-przedszkolak.eu\/archiwum\/wp-json\/wp\/v2\/posts\/3632","targetHints":{"allow":["GET"]}}],"collection":[{"href":"https:\/\/zabnica.e-przedszkolak.eu\/archiwum\/wp-json\/wp\/v2\/posts"}],"about":[{"href":"https:\/\/zabnica.e-przedszkolak.eu\/archiwum\/wp-json\/wp\/v2\/types\/post"}],"author":[{"embeddable":true,"href":"https:\/\/zabnica.e-przedszkolak.eu\/archiwum\/wp-json\/wp\/v2\/users\/3"}],"replies":[{"embeddable":true,"href":"https:\/\/zabnica.e-przedszkolak.eu\/archiwum\/wp-json\/wp\/v2\/comments?post=3632"}],"version-history":[{"count":1,"href":"https:\/\/zabnica.e-przedszkolak.eu\/archiwum\/wp-json\/wp\/v2\/posts\/3632\/revisions"}],"predecessor-version":[{"id":3641,"href":"https:\/\/zabnica.e-przedszkolak.eu\/archiwum\/wp-json\/wp\/v2\/posts\/3632\/revisions\/3641"}],"wp:featuredmedia":[{"embeddable":true,"href":"https:\/\/zabnica.e-przedszkolak.eu\/archiwum\/wp-json\/wp\/v2\/media\/3640"}],"wp:attachment":[{"href":"https:\/\/zabnica.e-przedszkolak.eu\/archiwum\/wp-json\/wp\/v2\/media?parent=3632"}],"wp:term":[{"taxonomy":"category","embeddable":true,"href":"https:\/\/zabnica.e-przedszkolak.eu\/archiwum\/wp-json\/wp\/v2\/categories?post=3632"},{"taxonomy":"post_tag","embeddable":true,"href":"https:\/\/zabnica.e-przedszkolak.eu\/archiwum\/wp-json\/wp\/v2\/tags?post=3632"}],"curies":[{"name":"wp","href":"https:\/\/api.w.org\/{rel}","templated":true}]}}