 {"id":3642,"date":"2021-06-24T22:12:19","date_gmt":"2021-06-24T20:12:19","guid":{"rendered":"https:\/\/zabnica.e-przedszkolak.eu\/?p=3642"},"modified":"2021-06-24T22:12:19","modified_gmt":"2021-06-24T20:12:19","slug":"ochotnicza-straz-pozarna-w-przedszkolu","status":"publish","type":"post","link":"https:\/\/zabnica.e-przedszkolak.eu\/archiwum\/2021\/06\/24\/ochotnicza-straz-pozarna-w-przedszkolu\/","title":{"rendered":"Ochotnicza Stra\u017c Po\u017carna w Przedszkolu"},"content":{"rendered":"<p style=\"text-align: justify;\">Dzia\u0142o si\u0119.. Ochotnicza stra\u017c po\u017carna odwiedzi\u0142a nasze przedszkole\ud83d\ude01 poznali\u015bmy specyfik\u0119 zawodu stra\u017cy, zapoznali\u015bmy si\u0119 z urz\u0105dzeniami i przyrz\u0105dami s\u0142u\u017c\u0105cymi do ratowania ludzi<!--more-->&nbsp;Zdali\u015bmy sobie spraw\u0119 jak wa\u017cny jest zaw\u00f3d stra\u017caka\ud83e\udd14\ud83d\udc40 serdecznie dzi\u0119kujemy OCHOTNICZEJ STRA\u017bY POZARNEJ ZA PRZYBYCIE\u2764\ufe0f<\/p>\nngg_shortcode_0_placeholder\n","protected":false},"excerpt":{"rendered":"<p>Dzia\u0142o si\u0119.. Ochotnicza stra\u017c po\u017carna odwiedzi\u0142a nasze przedszkole\ud83d\ude01 poznali\u015bmy specyfik\u0119 zawodu stra\u017cy, zapoznali\u015bmy si\u0119 z urz\u0105dzeniami i przyrz\u0105dami s\u0142u\u017c\u0105cymi do ratowania ludzi<\/p>\n","protected":false},"author":3,"featured_media":3649,"comment_status":"open","ping_status":"open","sticky":false,"template":"","format":"standard","meta":{"ngg_post_thumbnail":0,"footnotes":""},"categories":[1],"tags":[],"class_list":["post-3642","post","type-post","status-publish","format-standard","has-post-thumbnail","hentry","category-bez-kategorii"],"_links":{"self":[{"href":"https:\/\/zabnica.e-przedszkolak.eu\/archiwum\/wp-json\/wp\/v2\/posts\/3642","targetHints":{"allow":["GET"]}}],"collection":[{"href":"https:\/\/zabnica.e-przedszkolak.eu\/archiwum\/wp-json\/wp\/v2\/posts"}],"about":[{"href":"https:\/\/zabnica.e-przedszkolak.eu\/archiwum\/wp-json\/wp\/v2\/types\/post"}],"author":[{"embeddable":true,"href":"https:\/\/zabnica.e-przedszkolak.eu\/archiwum\/wp-json\/wp\/v2\/users\/3"}],"replies":[{"embeddable":true,"href":"https:\/\/zabnica.e-przedszkolak.eu\/archiwum\/wp-json\/wp\/v2\/comments?post=3642"}],"version-history":[{"count":1,"href":"https:\/\/zabnica.e-przedszkolak.eu\/archiwum\/wp-json\/wp\/v2\/posts\/3642\/revisions"}],"predecessor-version":[{"id":3650,"href":"https:\/\/zabnica.e-przedszkolak.eu\/archiwum\/wp-json\/wp\/v2\/posts\/3642\/revisions\/3650"}],"wp:featuredmedia":[{"embeddable":true,"href":"https:\/\/zabnica.e-przedszkolak.eu\/archiwum\/wp-json\/wp\/v2\/media\/3649"}],"wp:attachment":[{"href":"https:\/\/zabnica.e-przedszkolak.eu\/archiwum\/wp-json\/wp\/v2\/media?parent=3642"}],"wp:term":[{"taxonomy":"category","embeddable":true,"href":"https:\/\/zabnica.e-przedszkolak.eu\/archiwum\/wp-json\/wp\/v2\/categories?post=3642"},{"taxonomy":"post_tag","embeddable":true,"href":"https:\/\/zabnica.e-przedszkolak.eu\/archiwum\/wp-json\/wp\/v2\/tags?post=3642"}],"curies":[{"name":"wp","href":"https:\/\/api.w.org\/{rel}","templated":true}]}}