 {"id":3651,"date":"2021-06-28T22:40:45","date_gmt":"2021-06-28T20:40:45","guid":{"rendered":"https:\/\/zabnica.e-przedszkolak.eu\/?p=3651"},"modified":"2021-06-28T22:40:45","modified_gmt":"2021-06-28T20:40:45","slug":"pozegnania-nadszedl-czas","status":"publish","type":"post","link":"https:\/\/zabnica.e-przedszkolak.eu\/archiwum\/2021\/06\/28\/pozegnania-nadszedl-czas\/","title":{"rendered":"Po\u017cegnania nadszed\u0142 czas&#8230;"},"content":{"rendered":"<p style=\"text-align: justify;\">Wszystko co dobre kiedy\u015b si\u0119 ko\u0144czy&#8230;i tak nasze najstarsze przedszkolaki zosta\u0142y po\u017cegnane przez swoich m\u0142odszych koleg\u00f3w i ju\u017c po wakacjach zasi\u0105d\u0105 w szkolnych \u0142awkach. <!--more-->Wszystkim dzieciom, rodzicom, pracownikom przedszkola bardzo serdecznie dzi\u0119kujemy za ten rok pracy.<\/p>\nngg_shortcode_0_placeholder\n","protected":false},"excerpt":{"rendered":"<p>Wszystko co dobre kiedy\u015b si\u0119 ko\u0144czy&#8230;i tak nasze najstarsze przedszkolaki zosta\u0142y po\u017cegnane przez swoich m\u0142odszych koleg\u00f3w i ju\u017c po wakacjach zasi\u0105d\u0105 w szkolnych \u0142awkach.<\/p>\n","protected":false},"author":3,"featured_media":3659,"comment_status":"open","ping_status":"open","sticky":false,"template":"","format":"standard","meta":{"ngg_post_thumbnail":0,"footnotes":""},"categories":[1],"tags":[],"class_list":["post-3651","post","type-post","status-publish","format-standard","has-post-thumbnail","hentry","category-bez-kategorii"],"_links":{"self":[{"href":"https:\/\/zabnica.e-przedszkolak.eu\/archiwum\/wp-json\/wp\/v2\/posts\/3651","targetHints":{"allow":["GET"]}}],"collection":[{"href":"https:\/\/zabnica.e-przedszkolak.eu\/archiwum\/wp-json\/wp\/v2\/posts"}],"about":[{"href":"https:\/\/zabnica.e-przedszkolak.eu\/archiwum\/wp-json\/wp\/v2\/types\/post"}],"author":[{"embeddable":true,"href":"https:\/\/zabnica.e-przedszkolak.eu\/archiwum\/wp-json\/wp\/v2\/users\/3"}],"replies":[{"embeddable":true,"href":"https:\/\/zabnica.e-przedszkolak.eu\/archiwum\/wp-json\/wp\/v2\/comments?post=3651"}],"version-history":[{"count":1,"href":"https:\/\/zabnica.e-przedszkolak.eu\/archiwum\/wp-json\/wp\/v2\/posts\/3651\/revisions"}],"predecessor-version":[{"id":3660,"href":"https:\/\/zabnica.e-przedszkolak.eu\/archiwum\/wp-json\/wp\/v2\/posts\/3651\/revisions\/3660"}],"wp:featuredmedia":[{"embeddable":true,"href":"https:\/\/zabnica.e-przedszkolak.eu\/archiwum\/wp-json\/wp\/v2\/media\/3659"}],"wp:attachment":[{"href":"https:\/\/zabnica.e-przedszkolak.eu\/archiwum\/wp-json\/wp\/v2\/media?parent=3651"}],"wp:term":[{"taxonomy":"category","embeddable":true,"href":"https:\/\/zabnica.e-przedszkolak.eu\/archiwum\/wp-json\/wp\/v2\/categories?post=3651"},{"taxonomy":"post_tag","embeddable":true,"href":"https:\/\/zabnica.e-przedszkolak.eu\/archiwum\/wp-json\/wp\/v2\/tags?post=3651"}],"curies":[{"name":"wp","href":"https:\/\/api.w.org\/{rel}","templated":true}]}}