 {"id":3667,"date":"2021-09-17T10:28:59","date_gmt":"2021-09-17T08:28:59","guid":{"rendered":"https:\/\/zabnica.e-przedszkolak.eu\/?p=3667"},"modified":"2021-09-17T10:28:59","modified_gmt":"2021-09-17T08:28:59","slug":"miedzynarodowy-dzien-kropki-2","status":"publish","type":"post","link":"https:\/\/zabnica.e-przedszkolak.eu\/archiwum\/2021\/09\/17\/miedzynarodowy-dzien-kropki-2\/","title":{"rendered":"Mi\u0119dzynarodowy Dzie\u0144 Kropki"},"content":{"rendered":"<p style=\"text-align: justify;\">15 wrze\u015bnia obchodzili\u015bmy Mi\u0119dzynarodowy Dzie\u0144 Kropki &#8211; \u015bwi\u0119to kreatywno\u015bci , odwagi i zabawy. Tego dnia w naszym przedszkolu zorganizowane by\u0142y r\u00f3\u017cne zabawy i konkursy&#8230;.<br \/>\nDzi\u0119kujemy rodzicom za zaanga\u017cowanie i stworzenie przepi\u0119knych kropkowych kreacji&#8230;<!--more--><\/p>\nngg_shortcode_0_placeholder\n","protected":false},"excerpt":{"rendered":"<p>15 wrze\u015bnia obchodzili\u015bmy Mi\u0119dzynarodowy Dzie\u0144 Kropki &#8211; \u015bwi\u0119to kreatywno\u015bci , odwagi i zabawy. Tego dnia w naszym przedszkolu zorganizowane by\u0142y r\u00f3\u017cne zabawy i konkursy&#8230;. Dzi\u0119kujemy rodzicom za zaanga\u017cowanie i stworzenie przepi\u0119knych kropkowych kreacji&#8230;<\/p>\n","protected":false},"author":3,"featured_media":3676,"comment_status":"open","ping_status":"open","sticky":false,"template":"","format":"standard","meta":{"ngg_post_thumbnail":0,"footnotes":""},"categories":[1],"tags":[],"class_list":["post-3667","post","type-post","status-publish","format-standard","has-post-thumbnail","hentry","category-bez-kategorii"],"_links":{"self":[{"href":"https:\/\/zabnica.e-przedszkolak.eu\/archiwum\/wp-json\/wp\/v2\/posts\/3667","targetHints":{"allow":["GET"]}}],"collection":[{"href":"https:\/\/zabnica.e-przedszkolak.eu\/archiwum\/wp-json\/wp\/v2\/posts"}],"about":[{"href":"https:\/\/zabnica.e-przedszkolak.eu\/archiwum\/wp-json\/wp\/v2\/types\/post"}],"author":[{"embeddable":true,"href":"https:\/\/zabnica.e-przedszkolak.eu\/archiwum\/wp-json\/wp\/v2\/users\/3"}],"replies":[{"embeddable":true,"href":"https:\/\/zabnica.e-przedszkolak.eu\/archiwum\/wp-json\/wp\/v2\/comments?post=3667"}],"version-history":[{"count":1,"href":"https:\/\/zabnica.e-przedszkolak.eu\/archiwum\/wp-json\/wp\/v2\/posts\/3667\/revisions"}],"predecessor-version":[{"id":3677,"href":"https:\/\/zabnica.e-przedszkolak.eu\/archiwum\/wp-json\/wp\/v2\/posts\/3667\/revisions\/3677"}],"wp:featuredmedia":[{"embeddable":true,"href":"https:\/\/zabnica.e-przedszkolak.eu\/archiwum\/wp-json\/wp\/v2\/media\/3676"}],"wp:attachment":[{"href":"https:\/\/zabnica.e-przedszkolak.eu\/archiwum\/wp-json\/wp\/v2\/media?parent=3667"}],"wp:term":[{"taxonomy":"category","embeddable":true,"href":"https:\/\/zabnica.e-przedszkolak.eu\/archiwum\/wp-json\/wp\/v2\/categories?post=3667"},{"taxonomy":"post_tag","embeddable":true,"href":"https:\/\/zabnica.e-przedszkolak.eu\/archiwum\/wp-json\/wp\/v2\/tags?post=3667"}],"curies":[{"name":"wp","href":"https:\/\/api.w.org\/{rel}","templated":true}]}}