 {"id":3679,"date":"2021-09-26T16:45:29","date_gmt":"2021-09-26T14:45:29","guid":{"rendered":"https:\/\/zabnica.e-przedszkolak.eu\/?p=3679"},"modified":"2021-09-26T16:46:04","modified_gmt":"2021-09-26T14:46:04","slug":"policjanci-z-wizyta-w-przedszkolu","status":"publish","type":"post","link":"https:\/\/zabnica.e-przedszkolak.eu\/archiwum\/2021\/09\/26\/policjanci-z-wizyta-w-przedszkolu\/","title":{"rendered":"Policjanci z wizyt\u0105 w przedszkolu&#8230;"},"content":{"rendered":"<p style=\"text-align: justify;\">Dzisiaj nasze przedszkolaki odwiedzi\u0142 Policjanci z Powiatowej Komendy Policji w \u017bywcu\ud83d\ude01<br \/>\nRado\u015bci by\u0142o co nie miara&#8230;.! Dzieci przypomnia\u0142y sobie zasady bezpiecznego poruszania si\u0119 po ulicy\ud83d\udea6 i pozna\u0142y wa\u017cne wskaz\u00f3wki &#8211; jak zachowywa\u0107 si\u0119 wobec obcych os\u00f3b.<!--more-->Ka\u017cdy dzielny przedszkolak m\u00f3g\u0142 przytuli\u0107 si\u0119 do Sznupka i usi\u0105\u015b\u0107 w policyjnym radiowozie. Najwi\u0119ksz\u0105 atrakcj\u0105 by\u0142o jednak przymierzanie element\u00f3w munduru i wyposa\u017cenia policyjnego&#8230; Serdecznie dzi\u0119kujemy za wizyt\u0119 \u2764\ufe0f\u2764\ufe0f\u2764\ufe0f<\/p>\nngg_shortcode_0_placeholder\n<p style=\"text-align: justify;\">&nbsp;<\/p>\n","protected":false},"excerpt":{"rendered":"<p>Dzisiaj nasze przedszkolaki odwiedzi\u0142 Policjanci z Powiatowej Komendy Policji w \u017bywcu\ud83d\ude01 Rado\u015bci by\u0142o co nie miara&#8230;.! Dzieci przypomnia\u0142y sobie zasady bezpiecznego poruszania si\u0119 po ulicy\ud83d\udea6 i pozna\u0142y wa\u017cne wskaz\u00f3wki &#8211; jak zachowywa\u0107 si\u0119 wobec obcych os\u00f3b.<\/p>\n","protected":false},"author":3,"featured_media":3689,"comment_status":"open","ping_status":"open","sticky":false,"template":"","format":"standard","meta":{"ngg_post_thumbnail":0,"footnotes":""},"categories":[1],"tags":[],"class_list":["post-3679","post","type-post","status-publish","format-standard","has-post-thumbnail","hentry","category-bez-kategorii"],"_links":{"self":[{"href":"https:\/\/zabnica.e-przedszkolak.eu\/archiwum\/wp-json\/wp\/v2\/posts\/3679","targetHints":{"allow":["GET"]}}],"collection":[{"href":"https:\/\/zabnica.e-przedszkolak.eu\/archiwum\/wp-json\/wp\/v2\/posts"}],"about":[{"href":"https:\/\/zabnica.e-przedszkolak.eu\/archiwum\/wp-json\/wp\/v2\/types\/post"}],"author":[{"embeddable":true,"href":"https:\/\/zabnica.e-przedszkolak.eu\/archiwum\/wp-json\/wp\/v2\/users\/3"}],"replies":[{"embeddable":true,"href":"https:\/\/zabnica.e-przedszkolak.eu\/archiwum\/wp-json\/wp\/v2\/comments?post=3679"}],"version-history":[{"count":2,"href":"https:\/\/zabnica.e-przedszkolak.eu\/archiwum\/wp-json\/wp\/v2\/posts\/3679\/revisions"}],"predecessor-version":[{"id":3691,"href":"https:\/\/zabnica.e-przedszkolak.eu\/archiwum\/wp-json\/wp\/v2\/posts\/3679\/revisions\/3691"}],"wp:featuredmedia":[{"embeddable":true,"href":"https:\/\/zabnica.e-przedszkolak.eu\/archiwum\/wp-json\/wp\/v2\/media\/3689"}],"wp:attachment":[{"href":"https:\/\/zabnica.e-przedszkolak.eu\/archiwum\/wp-json\/wp\/v2\/media?parent=3679"}],"wp:term":[{"taxonomy":"category","embeddable":true,"href":"https:\/\/zabnica.e-przedszkolak.eu\/archiwum\/wp-json\/wp\/v2\/categories?post=3679"},{"taxonomy":"post_tag","embeddable":true,"href":"https:\/\/zabnica.e-przedszkolak.eu\/archiwum\/wp-json\/wp\/v2\/tags?post=3679"}],"curies":[{"name":"wp","href":"https:\/\/api.w.org\/{rel}","templated":true}]}}