 {"id":3693,"date":"2021-10-25T12:32:55","date_gmt":"2021-10-25T10:32:55","guid":{"rendered":"https:\/\/zabnica.e-przedszkolak.eu\/?p=3693"},"modified":"2021-10-25T12:32:55","modified_gmt":"2021-10-25T10:32:55","slug":"dzien-pieczonego-ziemniaka","status":"publish","type":"post","link":"https:\/\/zabnica.e-przedszkolak.eu\/archiwum\/2021\/10\/25\/dzien-pieczonego-ziemniaka\/","title":{"rendered":"Dzie\u0144 Pieczonego Ziemniaka"},"content":{"rendered":"<p style=\"text-align: justify;\">Ostatnio w przedszkolu obchodzili\u015bmy dzie\u0144 Pieczonego Ziemniaka!!! Wprawdzie planowali\u015bmy wycieczk\u0119 i ognisko , jednak aura pogodowa nam na to nie pozwoli\u0142a, niemniej jednak bawili\u015bmy si\u0119 \u015bwietnie. W tym dniu dowiedzieli\u015bmy si\u0119 sk\u0105d przyw\u0119drowa\u0142y do nas ziemniaki , jak nazywaj\u0105 si\u0119 jego poszczeg\u00f3lne cz\u0119\u015bci. Pr\u00f3bowali\u015bmy obra\u0107 ziemniaki , co by\u0142o nie lada wyzwaniem\ud83d\ude01 a nawet robili\u015bmy frytki. Du\u017co rado\u015bci mieli\u015bmy odbijaj\u0105c stemple z ziemniak\u00f3w oraz podczas wsp\u00f3lnych zabaw!<!--more--><\/p>\nngg_shortcode_0_placeholder\n","protected":false},"excerpt":{"rendered":"<p>Ostatnio w przedszkolu obchodzili\u015bmy dzie\u0144 Pieczonego Ziemniaka!!! Wprawdzie planowali\u015bmy wycieczk\u0119 i ognisko , jednak aura pogodowa nam na to nie pozwoli\u0142a, niemniej jednak bawili\u015bmy si\u0119 \u015bwietnie. W tym dniu dowiedzieli\u015bmy si\u0119 sk\u0105d przyw\u0119drowa\u0142y do nas ziemniaki , jak nazywaj\u0105 si\u0119 jego poszczeg\u00f3lne cz\u0119\u015bci. Pr\u00f3bowali\u015bmy obra\u0107 ziemniaki , co by\u0142o nie lada wyzwaniem\ud83d\ude01 a nawet robili\u015bmy [&hellip;]<\/p>\n","protected":false},"author":3,"featured_media":3709,"comment_status":"open","ping_status":"open","sticky":false,"template":"","format":"standard","meta":{"ngg_post_thumbnail":0,"footnotes":""},"categories":[1],"tags":[],"class_list":["post-3693","post","type-post","status-publish","format-standard","has-post-thumbnail","hentry","category-bez-kategorii"],"_links":{"self":[{"href":"https:\/\/zabnica.e-przedszkolak.eu\/archiwum\/wp-json\/wp\/v2\/posts\/3693","targetHints":{"allow":["GET"]}}],"collection":[{"href":"https:\/\/zabnica.e-przedszkolak.eu\/archiwum\/wp-json\/wp\/v2\/posts"}],"about":[{"href":"https:\/\/zabnica.e-przedszkolak.eu\/archiwum\/wp-json\/wp\/v2\/types\/post"}],"author":[{"embeddable":true,"href":"https:\/\/zabnica.e-przedszkolak.eu\/archiwum\/wp-json\/wp\/v2\/users\/3"}],"replies":[{"embeddable":true,"href":"https:\/\/zabnica.e-przedszkolak.eu\/archiwum\/wp-json\/wp\/v2\/comments?post=3693"}],"version-history":[{"count":1,"href":"https:\/\/zabnica.e-przedszkolak.eu\/archiwum\/wp-json\/wp\/v2\/posts\/3693\/revisions"}],"predecessor-version":[{"id":3710,"href":"https:\/\/zabnica.e-przedszkolak.eu\/archiwum\/wp-json\/wp\/v2\/posts\/3693\/revisions\/3710"}],"wp:featuredmedia":[{"embeddable":true,"href":"https:\/\/zabnica.e-przedszkolak.eu\/archiwum\/wp-json\/wp\/v2\/media\/3709"}],"wp:attachment":[{"href":"https:\/\/zabnica.e-przedszkolak.eu\/archiwum\/wp-json\/wp\/v2\/media?parent=3693"}],"wp:term":[{"taxonomy":"category","embeddable":true,"href":"https:\/\/zabnica.e-przedszkolak.eu\/archiwum\/wp-json\/wp\/v2\/categories?post=3693"},{"taxonomy":"post_tag","embeddable":true,"href":"https:\/\/zabnica.e-przedszkolak.eu\/archiwum\/wp-json\/wp\/v2\/tags?post=3693"}],"curies":[{"name":"wp","href":"https:\/\/api.w.org\/{rel}","templated":true}]}}