 {"id":3711,"date":"2021-10-25T12:38:49","date_gmt":"2021-10-25T10:38:49","guid":{"rendered":"https:\/\/zabnica.e-przedszkolak.eu\/?p=3711"},"modified":"2021-10-25T12:39:03","modified_gmt":"2021-10-25T10:39:03","slug":"ratownik-medyczny-w-przedszkolu","status":"publish","type":"post","link":"https:\/\/zabnica.e-przedszkolak.eu\/archiwum\/2021\/10\/25\/ratownik-medyczny-w-przedszkolu\/","title":{"rendered":"RATOWNIK MEDYCZNY W PRZEDSZKOLU"},"content":{"rendered":"<p style=\"text-align: justify;\">Celem dzisiejszych zaj\u0119\u0107 przeprowadzonych przez wykwalifikowanego ratownika medycznego pani\u0105 Justyn\u0119 Golec by\u0142o przygotowanie przedszkolak\u00f3w do wykonywania prostych czynno\u015bci udzielania pierwszej pomocy oraz prawid\u0142owego zachowania si\u0119 w czasie wypadku, w sytuacjach zagro\u017cenia \u017cycia lub zdrowia. Dzieci dowiedzia\u0142y si\u0119 na czym polega praca ratownika, co skrywa w swoich kieszeniach pan ratownik\ud83e\udd2d\ud83d\ude01, uczy\u0142y si\u0119 pierwszej pomocy na fantomie i mia\u0142y mo\u017cliwo\u015b\u0107 banda\u017cowania ko\u0144czyn swoich pluszowych misi\u00f3w pod okiem pani Justyny\ud83d\ude01.<!--more-->Naszemu go\u015bciowi bardzo dzi\u0119kujemy za przybycie do naszego przedszkola<\/p>\nngg_shortcode_0_placeholder\n<p style=\"text-align: justify;\">o przedszkola i mamy nadziej\u0119, \u017ce za rok zn\u00f3w si\u0119 spotkamy&#8230;.\u2764\ufe0f\u2764\ufe0f\u2764\ufe0f<\/p>\n","protected":false},"excerpt":{"rendered":"<p>Celem dzisiejszych zaj\u0119\u0107 przeprowadzonych przez wykwalifikowanego ratownika medycznego pani\u0105 Justyn\u0119 Golec by\u0142o przygotowanie przedszkolak\u00f3w do wykonywania prostych czynno\u015bci udzielania pierwszej pomocy oraz prawid\u0142owego zachowania si\u0119 w czasie wypadku, w sytuacjach zagro\u017cenia \u017cycia lub zdrowia. Dzieci dowiedzia\u0142y si\u0119 na czym polega praca ratownika, co skrywa w swoich kieszeniach pan ratownik\ud83e\udd2d\ud83d\ude01, uczy\u0142y si\u0119 pierwszej pomocy na fantomie [&hellip;]<\/p>\n","protected":false},"author":3,"featured_media":3724,"comment_status":"open","ping_status":"open","sticky":false,"template":"","format":"standard","meta":{"ngg_post_thumbnail":0,"footnotes":""},"categories":[1],"tags":[],"class_list":["post-3711","post","type-post","status-publish","format-standard","has-post-thumbnail","hentry","category-bez-kategorii"],"_links":{"self":[{"href":"https:\/\/zabnica.e-przedszkolak.eu\/archiwum\/wp-json\/wp\/v2\/posts\/3711","targetHints":{"allow":["GET"]}}],"collection":[{"href":"https:\/\/zabnica.e-przedszkolak.eu\/archiwum\/wp-json\/wp\/v2\/posts"}],"about":[{"href":"https:\/\/zabnica.e-przedszkolak.eu\/archiwum\/wp-json\/wp\/v2\/types\/post"}],"author":[{"embeddable":true,"href":"https:\/\/zabnica.e-przedszkolak.eu\/archiwum\/wp-json\/wp\/v2\/users\/3"}],"replies":[{"embeddable":true,"href":"https:\/\/zabnica.e-przedszkolak.eu\/archiwum\/wp-json\/wp\/v2\/comments?post=3711"}],"version-history":[{"count":2,"href":"https:\/\/zabnica.e-przedszkolak.eu\/archiwum\/wp-json\/wp\/v2\/posts\/3711\/revisions"}],"predecessor-version":[{"id":3726,"href":"https:\/\/zabnica.e-przedszkolak.eu\/archiwum\/wp-json\/wp\/v2\/posts\/3711\/revisions\/3726"}],"wp:featuredmedia":[{"embeddable":true,"href":"https:\/\/zabnica.e-przedszkolak.eu\/archiwum\/wp-json\/wp\/v2\/media\/3724"}],"wp:attachment":[{"href":"https:\/\/zabnica.e-przedszkolak.eu\/archiwum\/wp-json\/wp\/v2\/media?parent=3711"}],"wp:term":[{"taxonomy":"category","embeddable":true,"href":"https:\/\/zabnica.e-przedszkolak.eu\/archiwum\/wp-json\/wp\/v2\/categories?post=3711"},{"taxonomy":"post_tag","embeddable":true,"href":"https:\/\/zabnica.e-przedszkolak.eu\/archiwum\/wp-json\/wp\/v2\/tags?post=3711"}],"curies":[{"name":"wp","href":"https:\/\/api.w.org\/{rel}","templated":true}]}}