 {"id":3727,"date":"2021-10-27T12:27:00","date_gmt":"2021-10-27T10:27:00","guid":{"rendered":"https:\/\/zabnica.e-przedszkolak.eu\/?p=3727"},"modified":"2021-10-27T12:27:00","modified_gmt":"2021-10-27T10:27:00","slug":"wycieczka-do-piekarni","status":"publish","type":"post","link":"https:\/\/zabnica.e-przedszkolak.eu\/archiwum\/2021\/10\/27\/wycieczka-do-piekarni\/","title":{"rendered":"Wycieczka do piekarni"},"content":{"rendered":"<p style=\"text-align: justify;\">20 pa\u017adziernika dzieci z grupy Smerfy, Biedronki i Zielone \u017babki wybra\u0142y si\u0119 na wycieczk\u0119 do piekarni w W\u0119gierskiej G\u00f3rce.<br \/>\nMieli\u015bmy okazj\u0119 zobaczy\u0107 na w\u0142asne oczy jak wygl\u0105da piekarnia od \u015brodka oraz na czym polega praca Pana piekarza.<br \/>\nZapach pieczonego chleba, bu\u0142eczek i ciast roznosi\u0142 si\u0119 apetycznie w powietrzu, a\u017c nam \u015blinka ciek\u0142a \u017ceby wszystkiego spr\u00f3bowa\u0107 \ud83d\ude01&nbsp;<\/p>\n<p style=\"text-align: justify;\"><!--more--><\/p>\n<p dir=\"ltr\" style=\"text-align: justify;\">Dzi\u0119ki uprzejmo\u015bci Pana kierownika dzieci spr\u00f3bowa\u0142y pysznego, \u015bwie\u017cego chlebka \ud83c\udf5e podczas drugiego \u015bniadanka na spacerze.<\/p>\n<p dir=\"ltr\" style=\"text-align: justify;\">Posileni chlebem wybrali\u015bmy si\u0119 na spacer w stron\u0119 bac\u00f3wki na Bukowinie oraz odbyli\u015bmy lekcj\u0119 historii z pani\u0105 dyrektor zwiedzaj\u0105c Fort W\u0119drowiec.<\/p>\nngg_shortcode_0_placeholder\n","protected":false},"excerpt":{"rendered":"<p>20 pa\u017adziernika dzieci z grupy Smerfy, Biedronki i Zielone \u017babki wybra\u0142y si\u0119 na wycieczk\u0119 do piekarni w W\u0119gierskiej G\u00f3rce. Mieli\u015bmy okazj\u0119 zobaczy\u0107 na w\u0142asne oczy jak wygl\u0105da piekarnia od \u015brodka oraz na czym polega praca Pana piekarza. Zapach pieczonego chleba, bu\u0142eczek i ciast roznosi\u0142 si\u0119 apetycznie w powietrzu, a\u017c nam \u015blinka ciek\u0142a \u017ceby wszystkiego spr\u00f3bowa\u0107 [&hellip;]<\/p>\n","protected":false},"author":3,"featured_media":3741,"comment_status":"open","ping_status":"open","sticky":false,"template":"","format":"standard","meta":{"ngg_post_thumbnail":0,"footnotes":""},"categories":[1],"tags":[],"class_list":["post-3727","post","type-post","status-publish","format-standard","has-post-thumbnail","hentry","category-bez-kategorii"],"_links":{"self":[{"href":"https:\/\/zabnica.e-przedszkolak.eu\/archiwum\/wp-json\/wp\/v2\/posts\/3727","targetHints":{"allow":["GET"]}}],"collection":[{"href":"https:\/\/zabnica.e-przedszkolak.eu\/archiwum\/wp-json\/wp\/v2\/posts"}],"about":[{"href":"https:\/\/zabnica.e-przedszkolak.eu\/archiwum\/wp-json\/wp\/v2\/types\/post"}],"author":[{"embeddable":true,"href":"https:\/\/zabnica.e-przedszkolak.eu\/archiwum\/wp-json\/wp\/v2\/users\/3"}],"replies":[{"embeddable":true,"href":"https:\/\/zabnica.e-przedszkolak.eu\/archiwum\/wp-json\/wp\/v2\/comments?post=3727"}],"version-history":[{"count":1,"href":"https:\/\/zabnica.e-przedszkolak.eu\/archiwum\/wp-json\/wp\/v2\/posts\/3727\/revisions"}],"predecessor-version":[{"id":3742,"href":"https:\/\/zabnica.e-przedszkolak.eu\/archiwum\/wp-json\/wp\/v2\/posts\/3727\/revisions\/3742"}],"wp:featuredmedia":[{"embeddable":true,"href":"https:\/\/zabnica.e-przedszkolak.eu\/archiwum\/wp-json\/wp\/v2\/media\/3741"}],"wp:attachment":[{"href":"https:\/\/zabnica.e-przedszkolak.eu\/archiwum\/wp-json\/wp\/v2\/media?parent=3727"}],"wp:term":[{"taxonomy":"category","embeddable":true,"href":"https:\/\/zabnica.e-przedszkolak.eu\/archiwum\/wp-json\/wp\/v2\/categories?post=3727"},{"taxonomy":"post_tag","embeddable":true,"href":"https:\/\/zabnica.e-przedszkolak.eu\/archiwum\/wp-json\/wp\/v2\/tags?post=3727"}],"curies":[{"name":"wp","href":"https:\/\/api.w.org\/{rel}","templated":true}]}}