 {"id":3743,"date":"2021-10-28T21:40:00","date_gmt":"2021-10-28T19:40:00","guid":{"rendered":"https:\/\/zabnica.e-przedszkolak.eu\/?p=3743"},"modified":"2021-10-28T21:40:00","modified_gmt":"2021-10-28T19:40:00","slug":"jesienna-wyprawa-do-parku","status":"publish","type":"post","link":"https:\/\/zabnica.e-przedszkolak.eu\/archiwum\/2021\/10\/28\/jesienna-wyprawa-do-parku\/","title":{"rendered":"Jesienna wyprawa do parku"},"content":{"rendered":"<p style=\"text-align: justify;\">Korzystaj\u0105c ze s\u0142onecznej, jesiennej pogody przedszkolaki wybra\u0142y si\u0119 na wycieczk\u0119 do zabytkowego Parku w \u017bywcu. Pi\u0119kna aura dawa\u0142a mo\u017cliwo\u015b\u0107 bezpo\u015bredniej obserwacji przyrody: jesiennych li\u015bci, skacz\u0105cych po drzewach wiewi\u00f3rek, kaczek i \u0142ab\u0119dzi p\u0142ywaj\u0105cych po strumyku. Spaceruj\u0105c parkowymi alejkami dzieci rozpoznawa\u0142y i nazywa\u0142y drzewa oraz ich owoce.<!--more-->W parku by\u0142o przepi\u0119knie- prawdziwa z\u0142ota jesie\u0144! Fantastycznie by\u0142o : biega\u0107, skaka\u0107 i podrzuca\u0107 kolorowe li\u015bcie, szura\u0107 w\u015br\u00f3d jesiennego dywanu, zbiera\u0107 jesienne skarby i zje\u015b\u0107 smako\u0142yki na \u0142onie natury. Du\u017c\u0105 atrakcj\u0105 cieszy\u0142o si\u0119 MINI &#8211; ZOO. Przedszkolaki by\u0142y zachwycone zwierzakami. Uczestnicy jesiennej wyprawy u\u015bmiechni\u0119ci i zadowoleni wr\u00f3cili do przedszkola&#8230;<\/p>\nngg_shortcode_0_placeholder\n","protected":false},"excerpt":{"rendered":"<p>Korzystaj\u0105c ze s\u0142onecznej, jesiennej pogody przedszkolaki wybra\u0142y si\u0119 na wycieczk\u0119 do zabytkowego Parku w \u017bywcu. Pi\u0119kna aura dawa\u0142a mo\u017cliwo\u015b\u0107 bezpo\u015bredniej obserwacji przyrody: jesiennych li\u015bci, skacz\u0105cych po drzewach wiewi\u00f3rek, kaczek i \u0142ab\u0119dzi p\u0142ywaj\u0105cych po strumyku. Spaceruj\u0105c parkowymi alejkami dzieci rozpoznawa\u0142y i nazywa\u0142y drzewa oraz ich owoce.<\/p>\n","protected":false},"author":3,"featured_media":3757,"comment_status":"open","ping_status":"open","sticky":false,"template":"","format":"standard","meta":{"ngg_post_thumbnail":0,"footnotes":""},"categories":[1],"tags":[],"class_list":["post-3743","post","type-post","status-publish","format-standard","has-post-thumbnail","hentry","category-bez-kategorii"],"_links":{"self":[{"href":"https:\/\/zabnica.e-przedszkolak.eu\/archiwum\/wp-json\/wp\/v2\/posts\/3743","targetHints":{"allow":["GET"]}}],"collection":[{"href":"https:\/\/zabnica.e-przedszkolak.eu\/archiwum\/wp-json\/wp\/v2\/posts"}],"about":[{"href":"https:\/\/zabnica.e-przedszkolak.eu\/archiwum\/wp-json\/wp\/v2\/types\/post"}],"author":[{"embeddable":true,"href":"https:\/\/zabnica.e-przedszkolak.eu\/archiwum\/wp-json\/wp\/v2\/users\/3"}],"replies":[{"embeddable":true,"href":"https:\/\/zabnica.e-przedszkolak.eu\/archiwum\/wp-json\/wp\/v2\/comments?post=3743"}],"version-history":[{"count":1,"href":"https:\/\/zabnica.e-przedszkolak.eu\/archiwum\/wp-json\/wp\/v2\/posts\/3743\/revisions"}],"predecessor-version":[{"id":3758,"href":"https:\/\/zabnica.e-przedszkolak.eu\/archiwum\/wp-json\/wp\/v2\/posts\/3743\/revisions\/3758"}],"wp:featuredmedia":[{"embeddable":true,"href":"https:\/\/zabnica.e-przedszkolak.eu\/archiwum\/wp-json\/wp\/v2\/media\/3757"}],"wp:attachment":[{"href":"https:\/\/zabnica.e-przedszkolak.eu\/archiwum\/wp-json\/wp\/v2\/media?parent=3743"}],"wp:term":[{"taxonomy":"category","embeddable":true,"href":"https:\/\/zabnica.e-przedszkolak.eu\/archiwum\/wp-json\/wp\/v2\/categories?post=3743"},{"taxonomy":"post_tag","embeddable":true,"href":"https:\/\/zabnica.e-przedszkolak.eu\/archiwum\/wp-json\/wp\/v2\/tags?post=3743"}],"curies":[{"name":"wp","href":"https:\/\/api.w.org\/{rel}","templated":true}]}}