 {"id":3771,"date":"2021-11-12T14:36:53","date_gmt":"2021-11-12T13:36:53","guid":{"rendered":"https:\/\/zabnica.e-przedszkolak.eu\/?p=3771"},"modified":"2021-11-12T14:36:53","modified_gmt":"2021-11-12T13:36:53","slug":"pasowanie-na-przedszkolaka","status":"publish","type":"post","link":"https:\/\/zabnica.e-przedszkolak.eu\/archiwum\/2021\/11\/12\/pasowanie-na-przedszkolaka\/","title":{"rendered":"Pasowanie na przedszkolaka"},"content":{"rendered":"<p style=\"text-align: justify;\">W pi\u0105tek Nasze najm\u0142odsze przedszkolaki z grupy Krasnoludki i Muchomorki zosta\u0142y pasowane na prawdziwych przedszkolak\u00f3w. Przy tej okazji przedstawi\u0142y swoim rodzicom wyst\u0119p s\u0142owno-muzyczny &#8222;Jesienne muzykowanie&#8221;. Bardzo dzi\u0119kujemy rodzicom za zaanga\u017cowanie w przygotowanie stroj\u00f3w oraz pocz\u0119stunku. Dzi\u0119kujemy r\u00f3wnie\u017c Balonowy Sklep \u017bywiec za sprezentowanie pi\u0119knej dekoracji \u2764\ufe0f<!--more--><\/p>\nngg_shortcode_0_placeholder\n","protected":false},"excerpt":{"rendered":"<p>W pi\u0105tek Nasze najm\u0142odsze przedszkolaki z grupy Krasnoludki i Muchomorki zosta\u0142y pasowane na prawdziwych przedszkolak\u00f3w. Przy tej okazji przedstawi\u0142y swoim rodzicom wyst\u0119p s\u0142owno-muzyczny &#8222;Jesienne muzykowanie&#8221;. Bardzo dzi\u0119kujemy rodzicom za zaanga\u017cowanie w przygotowanie stroj\u00f3w oraz pocz\u0119stunku. Dzi\u0119kujemy r\u00f3wnie\u017c Balonowy Sklep \u017bywiec za sprezentowanie pi\u0119knej dekoracji \u2764\ufe0f<\/p>\n","protected":false},"author":3,"featured_media":3778,"comment_status":"open","ping_status":"open","sticky":false,"template":"","format":"standard","meta":{"ngg_post_thumbnail":0,"footnotes":""},"categories":[1],"tags":[],"class_list":["post-3771","post","type-post","status-publish","format-standard","has-post-thumbnail","hentry","category-bez-kategorii"],"_links":{"self":[{"href":"https:\/\/zabnica.e-przedszkolak.eu\/archiwum\/wp-json\/wp\/v2\/posts\/3771","targetHints":{"allow":["GET"]}}],"collection":[{"href":"https:\/\/zabnica.e-przedszkolak.eu\/archiwum\/wp-json\/wp\/v2\/posts"}],"about":[{"href":"https:\/\/zabnica.e-przedszkolak.eu\/archiwum\/wp-json\/wp\/v2\/types\/post"}],"author":[{"embeddable":true,"href":"https:\/\/zabnica.e-przedszkolak.eu\/archiwum\/wp-json\/wp\/v2\/users\/3"}],"replies":[{"embeddable":true,"href":"https:\/\/zabnica.e-przedszkolak.eu\/archiwum\/wp-json\/wp\/v2\/comments?post=3771"}],"version-history":[{"count":1,"href":"https:\/\/zabnica.e-przedszkolak.eu\/archiwum\/wp-json\/wp\/v2\/posts\/3771\/revisions"}],"predecessor-version":[{"id":3779,"href":"https:\/\/zabnica.e-przedszkolak.eu\/archiwum\/wp-json\/wp\/v2\/posts\/3771\/revisions\/3779"}],"wp:featuredmedia":[{"embeddable":true,"href":"https:\/\/zabnica.e-przedszkolak.eu\/archiwum\/wp-json\/wp\/v2\/media\/3778"}],"wp:attachment":[{"href":"https:\/\/zabnica.e-przedszkolak.eu\/archiwum\/wp-json\/wp\/v2\/media?parent=3771"}],"wp:term":[{"taxonomy":"category","embeddable":true,"href":"https:\/\/zabnica.e-przedszkolak.eu\/archiwum\/wp-json\/wp\/v2\/categories?post=3771"},{"taxonomy":"post_tag","embeddable":true,"href":"https:\/\/zabnica.e-przedszkolak.eu\/archiwum\/wp-json\/wp\/v2\/tags?post=3771"}],"curies":[{"name":"wp","href":"https:\/\/api.w.org\/{rel}","templated":true}]}}