 {"id":3780,"date":"2021-11-12T14:39:17","date_gmt":"2021-11-12T13:39:17","guid":{"rendered":"https:\/\/zabnica.e-przedszkolak.eu\/?p=3780"},"modified":"2021-11-12T14:39:17","modified_gmt":"2021-11-12T13:39:17","slug":"11-listopada","status":"publish","type":"post","link":"https:\/\/zabnica.e-przedszkolak.eu\/archiwum\/2021\/11\/12\/11-listopada\/","title":{"rendered":"11 listopada"},"content":{"rendered":"<p dir=\"ltr\" style=\"text-align: justify;\">Nasze przedszkolaki przy\u0142\u0105czy\u0142y si\u0119 do akcji ,, Szko\u0142a do hymnu&#8221; i pi\u0119knie od\u015bpiewa\u0142y Mazurka D\u0105browskiego. Natomiast starsi koledzy przygotowali r\u00f3wnie\u017c apel z okazji \u015bwi\u0119ta niepodleg\u0142o\u015bci, za co im bardzo dzi\u0119kujemy \ud83d\ude42<!--more--><\/p>\n<p dir=\"ltr\">#szko\u0142adohymnu#malipatrioci#przedszkolaki dla niepodleg\u0142ej<\/p>\nngg_shortcode_0_placeholder\n","protected":false},"excerpt":{"rendered":"<p>Nasze przedszkolaki przy\u0142\u0105czy\u0142y si\u0119 do akcji ,, Szko\u0142a do hymnu&#8221; i pi\u0119knie od\u015bpiewa\u0142y Mazurka D\u0105browskiego. Natomiast starsi koledzy przygotowali r\u00f3wnie\u017c apel z okazji \u015bwi\u0119ta niepodleg\u0142o\u015bci, za co im bardzo dzi\u0119kujemy \ud83d\ude42<\/p>\n","protected":false},"author":3,"featured_media":3787,"comment_status":"open","ping_status":"open","sticky":false,"template":"","format":"standard","meta":{"ngg_post_thumbnail":0,"footnotes":""},"categories":[1],"tags":[],"class_list":["post-3780","post","type-post","status-publish","format-standard","has-post-thumbnail","hentry","category-bez-kategorii"],"_links":{"self":[{"href":"https:\/\/zabnica.e-przedszkolak.eu\/archiwum\/wp-json\/wp\/v2\/posts\/3780","targetHints":{"allow":["GET"]}}],"collection":[{"href":"https:\/\/zabnica.e-przedszkolak.eu\/archiwum\/wp-json\/wp\/v2\/posts"}],"about":[{"href":"https:\/\/zabnica.e-przedszkolak.eu\/archiwum\/wp-json\/wp\/v2\/types\/post"}],"author":[{"embeddable":true,"href":"https:\/\/zabnica.e-przedszkolak.eu\/archiwum\/wp-json\/wp\/v2\/users\/3"}],"replies":[{"embeddable":true,"href":"https:\/\/zabnica.e-przedszkolak.eu\/archiwum\/wp-json\/wp\/v2\/comments?post=3780"}],"version-history":[{"count":1,"href":"https:\/\/zabnica.e-przedszkolak.eu\/archiwum\/wp-json\/wp\/v2\/posts\/3780\/revisions"}],"predecessor-version":[{"id":3788,"href":"https:\/\/zabnica.e-przedszkolak.eu\/archiwum\/wp-json\/wp\/v2\/posts\/3780\/revisions\/3788"}],"wp:featuredmedia":[{"embeddable":true,"href":"https:\/\/zabnica.e-przedszkolak.eu\/archiwum\/wp-json\/wp\/v2\/media\/3787"}],"wp:attachment":[{"href":"https:\/\/zabnica.e-przedszkolak.eu\/archiwum\/wp-json\/wp\/v2\/media?parent=3780"}],"wp:term":[{"taxonomy":"category","embeddable":true,"href":"https:\/\/zabnica.e-przedszkolak.eu\/archiwum\/wp-json\/wp\/v2\/categories?post=3780"},{"taxonomy":"post_tag","embeddable":true,"href":"https:\/\/zabnica.e-przedszkolak.eu\/archiwum\/wp-json\/wp\/v2\/tags?post=3780"}],"curies":[{"name":"wp","href":"https:\/\/api.w.org\/{rel}","templated":true}]}}