 {"id":3790,"date":"2021-11-29T14:22:53","date_gmt":"2021-11-29T13:22:53","guid":{"rendered":"https:\/\/zabnica.e-przedszkolak.eu\/?p=3790"},"modified":"2021-11-29T14:22:53","modified_gmt":"2021-11-29T13:22:53","slug":"andrzejki","status":"publish","type":"post","link":"https:\/\/zabnica.e-przedszkolak.eu\/archiwum\/2021\/11\/29\/andrzejki\/","title":{"rendered":"Andrzejki"},"content":{"rendered":"<p style=\"text-align: justify;\">W \u015brod\u0119 w naszym przedszkolu odby\u0142y si\u0119 Andrzejki. Dzieci zamieni\u0142y si\u0119 we wr\u00f3\u017cki i czarodziej\u00f3w. Dawno temu andrzejkowe wr\u00f3\u017cby traktowano powa\u017cnie, jednak w dzisiejszych czasach do wr\u00f3\u017cb podchodzi si\u0119 z przymru\u017ceniem oka i uwa\u017ca za weso\u0142\u0105 zabaw\u0119. Tak w\u0142a\u015bnie sp\u0119dzi\u0142y czas nasze przedszkolaki, kt\u00f3re wspaniale si\u0119 bawi\u0142y. Pozna\u0142y zwyczaje i tradycje andrzejkowe, m.in. lanie woskiem, uk\u0142adanie but\u00f3w, wr\u00f3\u017cenie za pomoc\u0105 kuli, kart, kubeczk\u00f3w. Dzieci \u015bwietnie si\u0119 bawi\u0142y\ud83e\udd70\ud83e\udd29<!--more--><\/p>\nngg_shortcode_0_placeholder\n","protected":false},"excerpt":{"rendered":"<p>W \u015brod\u0119 w naszym przedszkolu odby\u0142y si\u0119 Andrzejki. Dzieci zamieni\u0142y si\u0119 we wr\u00f3\u017cki i czarodziej\u00f3w. Dawno temu andrzejkowe wr\u00f3\u017cby traktowano powa\u017cnie, jednak w dzisiejszych czasach do wr\u00f3\u017cb podchodzi si\u0119 z przymru\u017ceniem oka i uwa\u017ca za weso\u0142\u0105 zabaw\u0119. Tak w\u0142a\u015bnie sp\u0119dzi\u0142y czas nasze przedszkolaki, kt\u00f3re wspaniale si\u0119 bawi\u0142y. Pozna\u0142y zwyczaje i tradycje andrzejkowe, m.in. lanie woskiem, [&hellip;]<\/p>\n","protected":false},"author":3,"featured_media":3806,"comment_status":"open","ping_status":"open","sticky":false,"template":"","format":"standard","meta":{"ngg_post_thumbnail":0,"footnotes":""},"categories":[1],"tags":[],"class_list":["post-3790","post","type-post","status-publish","format-standard","has-post-thumbnail","hentry","category-bez-kategorii"],"_links":{"self":[{"href":"https:\/\/zabnica.e-przedszkolak.eu\/archiwum\/wp-json\/wp\/v2\/posts\/3790","targetHints":{"allow":["GET"]}}],"collection":[{"href":"https:\/\/zabnica.e-przedszkolak.eu\/archiwum\/wp-json\/wp\/v2\/posts"}],"about":[{"href":"https:\/\/zabnica.e-przedszkolak.eu\/archiwum\/wp-json\/wp\/v2\/types\/post"}],"author":[{"embeddable":true,"href":"https:\/\/zabnica.e-przedszkolak.eu\/archiwum\/wp-json\/wp\/v2\/users\/3"}],"replies":[{"embeddable":true,"href":"https:\/\/zabnica.e-przedszkolak.eu\/archiwum\/wp-json\/wp\/v2\/comments?post=3790"}],"version-history":[{"count":1,"href":"https:\/\/zabnica.e-przedszkolak.eu\/archiwum\/wp-json\/wp\/v2\/posts\/3790\/revisions"}],"predecessor-version":[{"id":3807,"href":"https:\/\/zabnica.e-przedszkolak.eu\/archiwum\/wp-json\/wp\/v2\/posts\/3790\/revisions\/3807"}],"wp:featuredmedia":[{"embeddable":true,"href":"https:\/\/zabnica.e-przedszkolak.eu\/archiwum\/wp-json\/wp\/v2\/media\/3806"}],"wp:attachment":[{"href":"https:\/\/zabnica.e-przedszkolak.eu\/archiwum\/wp-json\/wp\/v2\/media?parent=3790"}],"wp:term":[{"taxonomy":"category","embeddable":true,"href":"https:\/\/zabnica.e-przedszkolak.eu\/archiwum\/wp-json\/wp\/v2\/categories?post=3790"},{"taxonomy":"post_tag","embeddable":true,"href":"https:\/\/zabnica.e-przedszkolak.eu\/archiwum\/wp-json\/wp\/v2\/tags?post=3790"}],"curies":[{"name":"wp","href":"https:\/\/api.w.org\/{rel}","templated":true}]}}