 {"id":3808,"date":"2021-11-29T14:25:58","date_gmt":"2021-11-29T13:25:58","guid":{"rendered":"https:\/\/zabnica.e-przedszkolak.eu\/?p=3808"},"modified":"2021-11-29T14:25:58","modified_gmt":"2021-11-29T13:25:58","slug":"dzien-pluszowego-misia-2","status":"publish","type":"post","link":"https:\/\/zabnica.e-przedszkolak.eu\/archiwum\/2021\/11\/29\/dzien-pluszowego-misia-2\/","title":{"rendered":"Dzie\u0144 Pluszowego Misia"},"content":{"rendered":"<p style=\"text-align: justify;\">W dniu 26 listopada przedszkolaki uczestniczy\u0142y w obchodach \u015awiatowego Dnia Pluszowego Misia. Mimo coraz nowocze\u015bniejszych i coraz atrakcyjniejszych zabawek, moda na misie nie przemija. Tego dnia ka\u017cde dziecko przysz\u0142o do przedszkola ze swoim ma\u0142ym lub du\u017cym przyjacielem \u2013 Misiem.<!--more--><\/p>\nngg_shortcode_0_placeholder\n","protected":false},"excerpt":{"rendered":"<p>W dniu 26 listopada przedszkolaki uczestniczy\u0142y w obchodach \u015awiatowego Dnia Pluszowego Misia. Mimo coraz nowocze\u015bniejszych i coraz atrakcyjniejszych zabawek, moda na misie nie przemija. Tego dnia ka\u017cde dziecko przysz\u0142o do przedszkola ze swoim ma\u0142ym lub du\u017cym przyjacielem \u2013 Misiem.<\/p>\n","protected":false},"author":3,"featured_media":3822,"comment_status":"open","ping_status":"open","sticky":false,"template":"","format":"standard","meta":{"ngg_post_thumbnail":0,"footnotes":""},"categories":[1],"tags":[],"class_list":["post-3808","post","type-post","status-publish","format-standard","has-post-thumbnail","hentry","category-bez-kategorii"],"_links":{"self":[{"href":"https:\/\/zabnica.e-przedszkolak.eu\/archiwum\/wp-json\/wp\/v2\/posts\/3808","targetHints":{"allow":["GET"]}}],"collection":[{"href":"https:\/\/zabnica.e-przedszkolak.eu\/archiwum\/wp-json\/wp\/v2\/posts"}],"about":[{"href":"https:\/\/zabnica.e-przedszkolak.eu\/archiwum\/wp-json\/wp\/v2\/types\/post"}],"author":[{"embeddable":true,"href":"https:\/\/zabnica.e-przedszkolak.eu\/archiwum\/wp-json\/wp\/v2\/users\/3"}],"replies":[{"embeddable":true,"href":"https:\/\/zabnica.e-przedszkolak.eu\/archiwum\/wp-json\/wp\/v2\/comments?post=3808"}],"version-history":[{"count":1,"href":"https:\/\/zabnica.e-przedszkolak.eu\/archiwum\/wp-json\/wp\/v2\/posts\/3808\/revisions"}],"predecessor-version":[{"id":3823,"href":"https:\/\/zabnica.e-przedszkolak.eu\/archiwum\/wp-json\/wp\/v2\/posts\/3808\/revisions\/3823"}],"wp:featuredmedia":[{"embeddable":true,"href":"https:\/\/zabnica.e-przedszkolak.eu\/archiwum\/wp-json\/wp\/v2\/media\/3822"}],"wp:attachment":[{"href":"https:\/\/zabnica.e-przedszkolak.eu\/archiwum\/wp-json\/wp\/v2\/media?parent=3808"}],"wp:term":[{"taxonomy":"category","embeddable":true,"href":"https:\/\/zabnica.e-przedszkolak.eu\/archiwum\/wp-json\/wp\/v2\/categories?post=3808"},{"taxonomy":"post_tag","embeddable":true,"href":"https:\/\/zabnica.e-przedszkolak.eu\/archiwum\/wp-json\/wp\/v2\/tags?post=3808"}],"curies":[{"name":"wp","href":"https:\/\/api.w.org\/{rel}","templated":true}]}}