 {"id":3825,"date":"2021-12-09T11:53:49","date_gmt":"2021-12-09T10:53:49","guid":{"rendered":"https:\/\/zabnica.e-przedszkolak.eu\/?p=3825"},"modified":"2021-12-09T11:53:49","modified_gmt":"2021-12-09T10:53:49","slug":"swiety-mikolaj-2","status":"publish","type":"post","link":"https:\/\/zabnica.e-przedszkolak.eu\/archiwum\/2021\/12\/09\/swiety-mikolaj-2\/","title":{"rendered":"\u015awi\u0119ty Miko\u0142aj"},"content":{"rendered":"<p style=\"text-align: justify;\">6 grudnia to szczeg\u00f3lna data w niejednym kalendarzu, gdy\u017c na ca\u0142ym \u015bwiecie odwiedza dzieci \u015bw. Miko\u0142aj. Miko\u0142ajki w naszym przedszkolu, to jeden z najbardziej oczekiwanych przez dzieci dni w roku. Przygotowuj\u0105 si\u0119 do niego starannie wszystkie grupy. Od kilku dni s\u0142ycha\u0107 by\u0142o w korytarzach przedszkolnych weso\u0142y \u015bpiew wychowank\u00f3w przy d\u017awi\u0119cznych nutach radosnych piosenek\ud83d\ude01\ud83d\ude18<!--more--><\/p>\n<p style=\"text-align: center;\"><em>&#8221; Siedz\u0119 cichute\u0144ko, patrz\u0119 na okienko,<\/em><br \/>\n<em>Poruszy\u0142y si\u0119 zas\u0142onki!<\/em><br \/>\n<em>Chyba ju\u017c go widz\u0119! Chyba ju\u017c go s\u0142ysz\u0119,<\/em><br \/>\n<em>Zabrz\u0119cza\u0142y jego sanek dzwonki!<\/em><br \/>\n<em>Dzy\u0144, dzy\u0144, dzy\u0144- Miko\u0142aju \u015awi\u0119ty!<\/em><br \/>\n<em>Dzy\u0144, dzy\u0144, dzy\u0144- przynie\u015b nam prezenty!&#8221;<\/em><\/p>\n<p>&nbsp;<\/p>\nngg_shortcode_0_placeholder\n","protected":false},"excerpt":{"rendered":"<p>6 grudnia to szczeg\u00f3lna data w niejednym kalendarzu, gdy\u017c na ca\u0142ym \u015bwiecie odwiedza dzieci \u015bw. Miko\u0142aj. Miko\u0142ajki w naszym przedszkolu, to jeden z najbardziej oczekiwanych przez dzieci dni w roku. Przygotowuj\u0105 si\u0119 do niego starannie wszystkie grupy. Od kilku dni s\u0142ycha\u0107 by\u0142o w korytarzach przedszkolnych weso\u0142y \u015bpiew wychowank\u00f3w przy d\u017awi\u0119cznych nutach radosnych piosenek\ud83d\ude01\ud83d\ude18<\/p>\n","protected":false},"author":3,"featured_media":3835,"comment_status":"open","ping_status":"open","sticky":false,"template":"","format":"standard","meta":{"ngg_post_thumbnail":0,"footnotes":""},"categories":[1],"tags":[],"class_list":["post-3825","post","type-post","status-publish","format-standard","has-post-thumbnail","hentry","category-bez-kategorii"],"_links":{"self":[{"href":"https:\/\/zabnica.e-przedszkolak.eu\/archiwum\/wp-json\/wp\/v2\/posts\/3825","targetHints":{"allow":["GET"]}}],"collection":[{"href":"https:\/\/zabnica.e-przedszkolak.eu\/archiwum\/wp-json\/wp\/v2\/posts"}],"about":[{"href":"https:\/\/zabnica.e-przedszkolak.eu\/archiwum\/wp-json\/wp\/v2\/types\/post"}],"author":[{"embeddable":true,"href":"https:\/\/zabnica.e-przedszkolak.eu\/archiwum\/wp-json\/wp\/v2\/users\/3"}],"replies":[{"embeddable":true,"href":"https:\/\/zabnica.e-przedszkolak.eu\/archiwum\/wp-json\/wp\/v2\/comments?post=3825"}],"version-history":[{"count":1,"href":"https:\/\/zabnica.e-przedszkolak.eu\/archiwum\/wp-json\/wp\/v2\/posts\/3825\/revisions"}],"predecessor-version":[{"id":3836,"href":"https:\/\/zabnica.e-przedszkolak.eu\/archiwum\/wp-json\/wp\/v2\/posts\/3825\/revisions\/3836"}],"wp:featuredmedia":[{"embeddable":true,"href":"https:\/\/zabnica.e-przedszkolak.eu\/archiwum\/wp-json\/wp\/v2\/media\/3835"}],"wp:attachment":[{"href":"https:\/\/zabnica.e-przedszkolak.eu\/archiwum\/wp-json\/wp\/v2\/media?parent=3825"}],"wp:term":[{"taxonomy":"category","embeddable":true,"href":"https:\/\/zabnica.e-przedszkolak.eu\/archiwum\/wp-json\/wp\/v2\/categories?post=3825"},{"taxonomy":"post_tag","embeddable":true,"href":"https:\/\/zabnica.e-przedszkolak.eu\/archiwum\/wp-json\/wp\/v2\/tags?post=3825"}],"curies":[{"name":"wp","href":"https:\/\/api.w.org\/{rel}","templated":true}]}}