 {"id":3838,"date":"2021-12-23T22:25:07","date_gmt":"2021-12-23T21:25:07","guid":{"rendered":"https:\/\/zabnica.e-przedszkolak.eu\/?p=3838"},"modified":"2021-12-23T22:25:07","modified_gmt":"2021-12-23T21:25:07","slug":"konkurs","status":"publish","type":"post","link":"https:\/\/zabnica.e-przedszkolak.eu\/archiwum\/2021\/12\/23\/konkurs\/","title":{"rendered":"Konkurs"},"content":{"rendered":"<p style=\"text-align: justify;\">Nasze przedszkolaki w pi\u0105tek 17 grudnia wzi\u0119\u0142y udzia\u0142 w ,,Przegl\u0105dzie kol\u0119d i pastora\u0142ek polskich&#8221; w W\u0119gierskiej G\u00f3rce.<br \/>\nDzieci pi\u0119knie wykona\u0142y dwa utwory, a nast\u0119pnie zakol\u0119dowa\u0142y pani dyrektor w szkole sk\u0142adaj\u0105c \u015bwi\u0105teczne \u017cyczenia \ud83d\ude07\ud83d\udc7c\ud83c\udf32<!--more--><\/p>\nngg_shortcode_0_placeholder\n","protected":false},"excerpt":{"rendered":"<p>Nasze przedszkolaki w pi\u0105tek 17 grudnia wzi\u0119\u0142y udzia\u0142 w ,,Przegl\u0105dzie kol\u0119d i pastora\u0142ek polskich&#8221; w W\u0119gierskiej G\u00f3rce. Dzieci pi\u0119knie wykona\u0142y dwa utwory, a nast\u0119pnie zakol\u0119dowa\u0142y pani dyrektor w szkole sk\u0142adaj\u0105c \u015bwi\u0105teczne \u017cyczenia \ud83d\ude07\ud83d\udc7c\ud83c\udf32<\/p>\n","protected":false},"author":3,"featured_media":3846,"comment_status":"open","ping_status":"open","sticky":false,"template":"","format":"standard","meta":{"ngg_post_thumbnail":0,"footnotes":""},"categories":[1],"tags":[],"class_list":["post-3838","post","type-post","status-publish","format-standard","has-post-thumbnail","hentry","category-bez-kategorii"],"_links":{"self":[{"href":"https:\/\/zabnica.e-przedszkolak.eu\/archiwum\/wp-json\/wp\/v2\/posts\/3838","targetHints":{"allow":["GET"]}}],"collection":[{"href":"https:\/\/zabnica.e-przedszkolak.eu\/archiwum\/wp-json\/wp\/v2\/posts"}],"about":[{"href":"https:\/\/zabnica.e-przedszkolak.eu\/archiwum\/wp-json\/wp\/v2\/types\/post"}],"author":[{"embeddable":true,"href":"https:\/\/zabnica.e-przedszkolak.eu\/archiwum\/wp-json\/wp\/v2\/users\/3"}],"replies":[{"embeddable":true,"href":"https:\/\/zabnica.e-przedszkolak.eu\/archiwum\/wp-json\/wp\/v2\/comments?post=3838"}],"version-history":[{"count":1,"href":"https:\/\/zabnica.e-przedszkolak.eu\/archiwum\/wp-json\/wp\/v2\/posts\/3838\/revisions"}],"predecessor-version":[{"id":3847,"href":"https:\/\/zabnica.e-przedszkolak.eu\/archiwum\/wp-json\/wp\/v2\/posts\/3838\/revisions\/3847"}],"wp:featuredmedia":[{"embeddable":true,"href":"https:\/\/zabnica.e-przedszkolak.eu\/archiwum\/wp-json\/wp\/v2\/media\/3846"}],"wp:attachment":[{"href":"https:\/\/zabnica.e-przedszkolak.eu\/archiwum\/wp-json\/wp\/v2\/media?parent=3838"}],"wp:term":[{"taxonomy":"category","embeddable":true,"href":"https:\/\/zabnica.e-przedszkolak.eu\/archiwum\/wp-json\/wp\/v2\/categories?post=3838"},{"taxonomy":"post_tag","embeddable":true,"href":"https:\/\/zabnica.e-przedszkolak.eu\/archiwum\/wp-json\/wp\/v2\/tags?post=3838"}],"curies":[{"name":"wp","href":"https:\/\/api.w.org\/{rel}","templated":true}]}}