 {"id":3848,"date":"2021-12-23T22:27:33","date_gmt":"2021-12-23T21:27:33","guid":{"rendered":"https:\/\/zabnica.e-przedszkolak.eu\/?p=3848"},"modified":"2021-12-23T22:27:33","modified_gmt":"2021-12-23T21:27:33","slug":"pieczenie-pierniczkow","status":"publish","type":"post","link":"https:\/\/zabnica.e-przedszkolak.eu\/archiwum\/2021\/12\/23\/pieczenie-pierniczkow\/","title":{"rendered":"Pieczenie pierniczk\u00f3w"},"content":{"rendered":"<p dir=\"ltr\" style=\"text-align: justify;\">Zapach pierniczk\u00f3w unosz\u0105cy si\u0119&nbsp; w przedszkolu nastraja nas \u015bwi\u0105tecznie&#8230;a to wszystko za spraw\u0105 naszych przedszkolak\u00f3w, kt\u00f3re upiek\u0142y i pi\u0119knie udekorowa\u0142y ciasteczka. Wszystkim nam bardzo smakowa\u0142y na dzisiejszej wigilijne \ud83d\ude42\ud83e\udd0e\ud83c\udf6a<!--more--><\/p>\nngg_shortcode_0_placeholder\n","protected":false},"excerpt":{"rendered":"<p>Zapach pierniczk\u00f3w unosz\u0105cy si\u0119&nbsp; w przedszkolu nastraja nas \u015bwi\u0105tecznie&#8230;a to wszystko za spraw\u0105 naszych przedszkolak\u00f3w, kt\u00f3re upiek\u0142y i pi\u0119knie udekorowa\u0142y ciasteczka. Wszystkim nam bardzo smakowa\u0142y na dzisiejszej wigilijne \ud83d\ude42\ud83e\udd0e\ud83c\udf6a<\/p>\n","protected":false},"author":3,"featured_media":3858,"comment_status":"open","ping_status":"open","sticky":false,"template":"","format":"standard","meta":{"ngg_post_thumbnail":0,"footnotes":""},"categories":[1],"tags":[],"class_list":["post-3848","post","type-post","status-publish","format-standard","has-post-thumbnail","hentry","category-bez-kategorii"],"_links":{"self":[{"href":"https:\/\/zabnica.e-przedszkolak.eu\/archiwum\/wp-json\/wp\/v2\/posts\/3848","targetHints":{"allow":["GET"]}}],"collection":[{"href":"https:\/\/zabnica.e-przedszkolak.eu\/archiwum\/wp-json\/wp\/v2\/posts"}],"about":[{"href":"https:\/\/zabnica.e-przedszkolak.eu\/archiwum\/wp-json\/wp\/v2\/types\/post"}],"author":[{"embeddable":true,"href":"https:\/\/zabnica.e-przedszkolak.eu\/archiwum\/wp-json\/wp\/v2\/users\/3"}],"replies":[{"embeddable":true,"href":"https:\/\/zabnica.e-przedszkolak.eu\/archiwum\/wp-json\/wp\/v2\/comments?post=3848"}],"version-history":[{"count":1,"href":"https:\/\/zabnica.e-przedszkolak.eu\/archiwum\/wp-json\/wp\/v2\/posts\/3848\/revisions"}],"predecessor-version":[{"id":3859,"href":"https:\/\/zabnica.e-przedszkolak.eu\/archiwum\/wp-json\/wp\/v2\/posts\/3848\/revisions\/3859"}],"wp:featuredmedia":[{"embeddable":true,"href":"https:\/\/zabnica.e-przedszkolak.eu\/archiwum\/wp-json\/wp\/v2\/media\/3858"}],"wp:attachment":[{"href":"https:\/\/zabnica.e-przedszkolak.eu\/archiwum\/wp-json\/wp\/v2\/media?parent=3848"}],"wp:term":[{"taxonomy":"category","embeddable":true,"href":"https:\/\/zabnica.e-przedszkolak.eu\/archiwum\/wp-json\/wp\/v2\/categories?post=3848"},{"taxonomy":"post_tag","embeddable":true,"href":"https:\/\/zabnica.e-przedszkolak.eu\/archiwum\/wp-json\/wp\/v2\/tags?post=3848"}],"curies":[{"name":"wp","href":"https:\/\/api.w.org\/{rel}","templated":true}]}}