 {"id":3861,"date":"2022-02-11T10:32:25","date_gmt":"2022-02-11T09:32:25","guid":{"rendered":"https:\/\/zabnica.e-przedszkolak.eu\/?p=3861"},"modified":"2022-02-11T10:32:25","modified_gmt":"2022-02-11T09:32:25","slug":"poznajemy-zawody","status":"publish","type":"post","link":"https:\/\/zabnica.e-przedszkolak.eu\/archiwum\/2022\/02\/11\/poznajemy-zawody\/","title":{"rendered":"Poznajemy zawody"},"content":{"rendered":"<p dir=\"ltr\" style=\"text-align: justify;\">W ostatnim czasie dzieci poznawa\u0142y r\u00f3\u017cne zawody na zaj\u0119ciach. Jednak najciekawsze by\u0142o spotkanie z pani\u0105 \u0141ucj\u0105 &#8211; wykwalifikowan\u0105 fryzjerk\u0105 i kosmetyczk\u0105\ud83e\udd70<\/p>\n<p dir=\"ltr\" style=\"text-align: justify;\">Dzieci nie tylko pozna\u0142y specyfik\u0119 tych zawod\u00f3w ale tak\u017ce mog\u0142y do\u015bwiadczy\u0107 fachu pani \u0141ucji na w\u0142asnych w\u0142osach\ud83d\udc87\ud83d\udc87\u200d\u2640\ufe0f\ud83e\udd70<!--more--><\/p>\nngg_shortcode_0_placeholder\n","protected":false},"excerpt":{"rendered":"<p>W ostatnim czasie dzieci poznawa\u0142y r\u00f3\u017cne zawody na zaj\u0119ciach. Jednak najciekawsze by\u0142o spotkanie z pani\u0105 \u0141ucj\u0105 &#8211; wykwalifikowan\u0105 fryzjerk\u0105 i kosmetyczk\u0105\ud83e\udd70 Dzieci nie tylko pozna\u0142y specyfik\u0119 tych zawod\u00f3w ale tak\u017ce mog\u0142y do\u015bwiadczy\u0107 fachu pani \u0141ucji na w\u0142asnych w\u0142osach\ud83d\udc87\ud83d\udc87\u200d\u2640\ufe0f\ud83e\udd70<\/p>\n","protected":false},"author":3,"featured_media":3871,"comment_status":"open","ping_status":"open","sticky":false,"template":"","format":"standard","meta":{"ngg_post_thumbnail":0,"footnotes":""},"categories":[1],"tags":[],"class_list":["post-3861","post","type-post","status-publish","format-standard","has-post-thumbnail","hentry","category-bez-kategorii"],"_links":{"self":[{"href":"https:\/\/zabnica.e-przedszkolak.eu\/archiwum\/wp-json\/wp\/v2\/posts\/3861","targetHints":{"allow":["GET"]}}],"collection":[{"href":"https:\/\/zabnica.e-przedszkolak.eu\/archiwum\/wp-json\/wp\/v2\/posts"}],"about":[{"href":"https:\/\/zabnica.e-przedszkolak.eu\/archiwum\/wp-json\/wp\/v2\/types\/post"}],"author":[{"embeddable":true,"href":"https:\/\/zabnica.e-przedszkolak.eu\/archiwum\/wp-json\/wp\/v2\/users\/3"}],"replies":[{"embeddable":true,"href":"https:\/\/zabnica.e-przedszkolak.eu\/archiwum\/wp-json\/wp\/v2\/comments?post=3861"}],"version-history":[{"count":1,"href":"https:\/\/zabnica.e-przedszkolak.eu\/archiwum\/wp-json\/wp\/v2\/posts\/3861\/revisions"}],"predecessor-version":[{"id":3872,"href":"https:\/\/zabnica.e-przedszkolak.eu\/archiwum\/wp-json\/wp\/v2\/posts\/3861\/revisions\/3872"}],"wp:featuredmedia":[{"embeddable":true,"href":"https:\/\/zabnica.e-przedszkolak.eu\/archiwum\/wp-json\/wp\/v2\/media\/3871"}],"wp:attachment":[{"href":"https:\/\/zabnica.e-przedszkolak.eu\/archiwum\/wp-json\/wp\/v2\/media?parent=3861"}],"wp:term":[{"taxonomy":"category","embeddable":true,"href":"https:\/\/zabnica.e-przedszkolak.eu\/archiwum\/wp-json\/wp\/v2\/categories?post=3861"},{"taxonomy":"post_tag","embeddable":true,"href":"https:\/\/zabnica.e-przedszkolak.eu\/archiwum\/wp-json\/wp\/v2\/tags?post=3861"}],"curies":[{"name":"wp","href":"https:\/\/api.w.org\/{rel}","templated":true}]}}