 {"id":3873,"date":"2022-02-11T10:43:28","date_gmt":"2022-02-11T09:43:28","guid":{"rendered":"https:\/\/zabnica.e-przedszkolak.eu\/?p=3873"},"modified":"2022-02-11T10:43:28","modified_gmt":"2022-02-11T09:43:28","slug":"w-karnawale-same-bale","status":"publish","type":"post","link":"https:\/\/zabnica.e-przedszkolak.eu\/archiwum\/2022\/02\/11\/w-karnawale-same-bale\/","title":{"rendered":"W Karnawale same bale&#8230;"},"content":{"rendered":"<p style=\"text-align: justify;\">Karnawa\u0142 to mi\u0142a tradycja przepe\u0142niona muzyka i zabawa, w kt\u00f3rej wa\u017cnym elementem tego s\u0105 bale karnawa\u0142owe. Bal karnawa\u0142owy dla przedszkolak\u00f3w to dzie\u0144 niezwyk\u0142y , cz\u0119sto wyczekiwany przez wiele tygodni. Jest atrakcj\u0105 bardzo lubiana przez dzieci , dostarczaj\u0105ca im wielu prze\u017cy\u0107 i rado\u015bci. Tak te\u017c by\u0142o u nas&#8230;.<br \/>\n8 stycznia sala przedszkolna wygl\u0105da\u0142a bajecznie i kolorowo, a wszystkie dzieci by\u0142y przebrane w pi\u0119kne bajkowe kreacje.<!--more--><\/p>\n<p style=\"text-align: justify;\">W trakcie karnawa\u0142owych szale\u0144stw pod okiem profesjonalnego DJ-a wszyscy wy\u015bmienicie si\u0119 bawili. Wsp\u00f3lna zabawa przynios\u0142a wiele rado\u015bci naszym wychowankom. Nie zabrak\u0142o r\u00f3wnie\u017c zdj\u0119\u0107 karnawa\u0142owych oraz pysznego pocz\u0119stunku dla dzieci. Dzi\u0119kujemy Rodzicom za zaanga\u017cowanie w przygotowanie pi\u0119knych, balowych stroj\u00f3w.<br \/>\nKolejny bal karnawa\u0142owy ju\u017c za rok- do zobaczenia!<\/p>\n<p style=\"text-align: center;\">\n<em>&#8221; Jest karnawa\u0142, w karnawale<\/em><br \/>\n<em>wszyscy urz\u0105dzaj\u0105 bale.<\/em><br \/>\n<em>To tradycja bardzo stara-<\/em><br \/>\n<em>Stroj\u00f3w pi\u0119knych , co nie miara!&#8221;<\/em><\/p>\nngg_shortcode_0_placeholder\n","protected":false},"excerpt":{"rendered":"<p>Karnawa\u0142 to mi\u0142a tradycja przepe\u0142niona muzyka i zabawa, w kt\u00f3rej wa\u017cnym elementem tego s\u0105 bale karnawa\u0142owe. Bal karnawa\u0142owy dla przedszkolak\u00f3w to dzie\u0144 niezwyk\u0142y , cz\u0119sto wyczekiwany przez wiele tygodni. Jest atrakcj\u0105 bardzo lubiana przez dzieci , dostarczaj\u0105ca im wielu prze\u017cy\u0107 i rado\u015bci. Tak te\u017c by\u0142o u nas&#8230;. 8 stycznia sala przedszkolna wygl\u0105da\u0142a bajecznie i kolorowo, [&hellip;]<\/p>\n","protected":false},"author":3,"featured_media":3892,"comment_status":"open","ping_status":"open","sticky":false,"template":"","format":"standard","meta":{"ngg_post_thumbnail":0,"footnotes":""},"categories":[1],"tags":[],"class_list":["post-3873","post","type-post","status-publish","format-standard","has-post-thumbnail","hentry","category-bez-kategorii"],"_links":{"self":[{"href":"https:\/\/zabnica.e-przedszkolak.eu\/archiwum\/wp-json\/wp\/v2\/posts\/3873","targetHints":{"allow":["GET"]}}],"collection":[{"href":"https:\/\/zabnica.e-przedszkolak.eu\/archiwum\/wp-json\/wp\/v2\/posts"}],"about":[{"href":"https:\/\/zabnica.e-przedszkolak.eu\/archiwum\/wp-json\/wp\/v2\/types\/post"}],"author":[{"embeddable":true,"href":"https:\/\/zabnica.e-przedszkolak.eu\/archiwum\/wp-json\/wp\/v2\/users\/3"}],"replies":[{"embeddable":true,"href":"https:\/\/zabnica.e-przedszkolak.eu\/archiwum\/wp-json\/wp\/v2\/comments?post=3873"}],"version-history":[{"count":1,"href":"https:\/\/zabnica.e-przedszkolak.eu\/archiwum\/wp-json\/wp\/v2\/posts\/3873\/revisions"}],"predecessor-version":[{"id":3893,"href":"https:\/\/zabnica.e-przedszkolak.eu\/archiwum\/wp-json\/wp\/v2\/posts\/3873\/revisions\/3893"}],"wp:featuredmedia":[{"embeddable":true,"href":"https:\/\/zabnica.e-przedszkolak.eu\/archiwum\/wp-json\/wp\/v2\/media\/3892"}],"wp:attachment":[{"href":"https:\/\/zabnica.e-przedszkolak.eu\/archiwum\/wp-json\/wp\/v2\/media?parent=3873"}],"wp:term":[{"taxonomy":"category","embeddable":true,"href":"https:\/\/zabnica.e-przedszkolak.eu\/archiwum\/wp-json\/wp\/v2\/categories?post=3873"},{"taxonomy":"post_tag","embeddable":true,"href":"https:\/\/zabnica.e-przedszkolak.eu\/archiwum\/wp-json\/wp\/v2\/tags?post=3873"}],"curies":[{"name":"wp","href":"https:\/\/api.w.org\/{rel}","templated":true}]}}