 {"id":4062,"date":"2022-06-06T15:58:21","date_gmt":"2022-06-06T13:58:21","guid":{"rendered":"https:\/\/zabnica.e-przedszkolak.eu\/?p=4062"},"modified":"2022-06-06T15:58:47","modified_gmt":"2022-06-06T13:58:47","slug":"sprintem-do-maratonu-2","status":"publish","type":"post","link":"https:\/\/zabnica.e-przedszkolak.eu\/archiwum\/2022\/06\/06\/sprintem-do-maratonu-2\/","title":{"rendered":"Sprintem do maratonu"},"content":{"rendered":"<p dir=\"ltr\" style=\"text-align: justify;\">3 czerwca up\u0142yn\u0105\u0142 nam w bardzo sportowym klimacie \ud83e\udd47 Wszystkie przedszkolaki wybra\u0142y sie na boisko sportowe, gdzie razem po\u0107wiczyli\u015bmy podczas rozgrzewki przygotowuj\u0105c si\u0119 w ten spos\u00f3b do biegu w kolejnej edycji ,,Sprinetm do maratonu&#8221; pod patronatem bli\u017cej przedszkola. Przedszkolaki \u015bwietnie sobie poradzi\u0142y i pe\u0142ni energi, dalej dobrze si\u0119 bawili\u015bmy podczas udzia\u0142u w zabawach i konkursach sportowych. Na koniec najwytrwalsi rozegrali jeszcze mecz\u26bd\ufe0f<!--more--><\/p>\n<p dir=\"ltr\">Wszystkim dzieciom ( i paniom\ud83d\ude01) gratulacjemy wytwa\u0142o\u015bci i ducha walki \ud83c\udfc6\ud83c\udfc6\ud83e\udd47<\/p>\nngg_shortcode_0_placeholder\n","protected":false},"excerpt":{"rendered":"<p>3 czerwca up\u0142yn\u0105\u0142 nam w bardzo sportowym klimacie \ud83e\udd47 Wszystkie przedszkolaki wybra\u0142y sie na boisko sportowe, gdzie razem po\u0107wiczyli\u015bmy podczas rozgrzewki przygotowuj\u0105c si\u0119 w ten spos\u00f3b do biegu w kolejnej edycji ,,Sprinetm do maratonu&#8221; pod patronatem bli\u017cej przedszkola. Przedszkolaki \u015bwietnie sobie poradzi\u0142y i pe\u0142ni energi, dalej dobrze si\u0119 bawili\u015bmy podczas udzia\u0142u w zabawach i konkursach [&hellip;]<\/p>\n","protected":false},"author":3,"featured_media":4082,"comment_status":"open","ping_status":"open","sticky":false,"template":"","format":"standard","meta":{"ngg_post_thumbnail":0,"footnotes":""},"categories":[1],"tags":[],"class_list":["post-4062","post","type-post","status-publish","format-standard","has-post-thumbnail","hentry","category-bez-kategorii"],"_links":{"self":[{"href":"https:\/\/zabnica.e-przedszkolak.eu\/archiwum\/wp-json\/wp\/v2\/posts\/4062","targetHints":{"allow":["GET"]}}],"collection":[{"href":"https:\/\/zabnica.e-przedszkolak.eu\/archiwum\/wp-json\/wp\/v2\/posts"}],"about":[{"href":"https:\/\/zabnica.e-przedszkolak.eu\/archiwum\/wp-json\/wp\/v2\/types\/post"}],"author":[{"embeddable":true,"href":"https:\/\/zabnica.e-przedszkolak.eu\/archiwum\/wp-json\/wp\/v2\/users\/3"}],"replies":[{"embeddable":true,"href":"https:\/\/zabnica.e-przedszkolak.eu\/archiwum\/wp-json\/wp\/v2\/comments?post=4062"}],"version-history":[{"count":2,"href":"https:\/\/zabnica.e-przedszkolak.eu\/archiwum\/wp-json\/wp\/v2\/posts\/4062\/revisions"}],"predecessor-version":[{"id":4084,"href":"https:\/\/zabnica.e-przedszkolak.eu\/archiwum\/wp-json\/wp\/v2\/posts\/4062\/revisions\/4084"}],"wp:featuredmedia":[{"embeddable":true,"href":"https:\/\/zabnica.e-przedszkolak.eu\/archiwum\/wp-json\/wp\/v2\/media\/4082"}],"wp:attachment":[{"href":"https:\/\/zabnica.e-przedszkolak.eu\/archiwum\/wp-json\/wp\/v2\/media?parent=4062"}],"wp:term":[{"taxonomy":"category","embeddable":true,"href":"https:\/\/zabnica.e-przedszkolak.eu\/archiwum\/wp-json\/wp\/v2\/categories?post=4062"},{"taxonomy":"post_tag","embeddable":true,"href":"https:\/\/zabnica.e-przedszkolak.eu\/archiwum\/wp-json\/wp\/v2\/tags?post=4062"}],"curies":[{"name":"wp","href":"https:\/\/api.w.org\/{rel}","templated":true}]}}