 {"id":4099,"date":"2022-06-30T16:58:18","date_gmt":"2022-06-30T14:58:18","guid":{"rendered":"https:\/\/zabnica.e-przedszkolak.eu\/?p=4099"},"modified":"2022-06-30T16:58:18","modified_gmt":"2022-06-30T14:58:18","slug":"mama-i-tata-to-najpiekniejsze-slowa-swiata","status":"publish","type":"post","link":"https:\/\/zabnica.e-przedszkolak.eu\/archiwum\/2022\/06\/30\/mama-i-tata-to-najpiekniejsze-slowa-swiata\/","title":{"rendered":",, Mama i Tata to najpi\u0119kniejsze s\u0142owa \u015bwiata&#8221;"},"content":{"rendered":"<p style=\"text-align: justify;\">W ostatnich dniach w naszym przedszkolu obchodzili\u015bmy najpi\u0119kniejsze \u015bwi\u0119to &#8211; Dzie\u0144 Mamy i Taty. Na pocz\u0105tku wybrali\u015bmy si\u0119 na wiosenn\u0105 \u0142\u0105k\u0119, gdzie umila\u0142y nam czas mi\u0119dzy innymi bociany, \u017cabki, motylki czy pszcz\u00f3\u0142ki podczas pi\u0119knych ta\u0144cy i \u015bpiew\u00f3w. Nast\u0119pnie wyruszyli\u015bmy w morsk\u0105 podr\u00f3\u017c statkiem pe\u0142nym marynarzy, kt\u00f3rzy pod okiem kapitana p\u0142ywali po \u015bwiecie, napotykaj\u0105c co rusz to pirat\u00f3w to syrenki\ud83d\ude00<!--more-->Wszystkie dzieci bardzo si\u0119 stara\u0142y umili\u0107 czas swoim rodzicom podczas wyst\u0119p\u00f3w, czego serdecznie im gratulujemy i zapraszamy do obejrzenia fotorelacji. \ud83e\udd70\ud83e\udd70<\/p>\n<p>&nbsp;<\/p>\nngg_shortcode_0_placeholder\n","protected":false},"excerpt":{"rendered":"<p>W ostatnich dniach w naszym przedszkolu obchodzili\u015bmy najpi\u0119kniejsze \u015bwi\u0119to &#8211; Dzie\u0144 Mamy i Taty. Na pocz\u0105tku wybrali\u015bmy si\u0119 na wiosenn\u0105 \u0142\u0105k\u0119, gdzie umila\u0142y nam czas mi\u0119dzy innymi bociany, \u017cabki, motylki czy pszcz\u00f3\u0142ki podczas pi\u0119knych ta\u0144cy i \u015bpiew\u00f3w. Nast\u0119pnie wyruszyli\u015bmy w morsk\u0105 podr\u00f3\u017c statkiem pe\u0142nym marynarzy, kt\u00f3rzy pod okiem kapitana p\u0142ywali po \u015bwiecie, napotykaj\u0105c co rusz [&hellip;]<\/p>\n","protected":false},"author":3,"featured_media":4115,"comment_status":"open","ping_status":"open","sticky":false,"template":"","format":"standard","meta":{"ngg_post_thumbnail":0,"footnotes":""},"categories":[1],"tags":[],"class_list":["post-4099","post","type-post","status-publish","format-standard","has-post-thumbnail","hentry","category-bez-kategorii"],"_links":{"self":[{"href":"https:\/\/zabnica.e-przedszkolak.eu\/archiwum\/wp-json\/wp\/v2\/posts\/4099","targetHints":{"allow":["GET"]}}],"collection":[{"href":"https:\/\/zabnica.e-przedszkolak.eu\/archiwum\/wp-json\/wp\/v2\/posts"}],"about":[{"href":"https:\/\/zabnica.e-przedszkolak.eu\/archiwum\/wp-json\/wp\/v2\/types\/post"}],"author":[{"embeddable":true,"href":"https:\/\/zabnica.e-przedszkolak.eu\/archiwum\/wp-json\/wp\/v2\/users\/3"}],"replies":[{"embeddable":true,"href":"https:\/\/zabnica.e-przedszkolak.eu\/archiwum\/wp-json\/wp\/v2\/comments?post=4099"}],"version-history":[{"count":1,"href":"https:\/\/zabnica.e-przedszkolak.eu\/archiwum\/wp-json\/wp\/v2\/posts\/4099\/revisions"}],"predecessor-version":[{"id":4116,"href":"https:\/\/zabnica.e-przedszkolak.eu\/archiwum\/wp-json\/wp\/v2\/posts\/4099\/revisions\/4116"}],"wp:featuredmedia":[{"embeddable":true,"href":"https:\/\/zabnica.e-przedszkolak.eu\/archiwum\/wp-json\/wp\/v2\/media\/4115"}],"wp:attachment":[{"href":"https:\/\/zabnica.e-przedszkolak.eu\/archiwum\/wp-json\/wp\/v2\/media?parent=4099"}],"wp:term":[{"taxonomy":"category","embeddable":true,"href":"https:\/\/zabnica.e-przedszkolak.eu\/archiwum\/wp-json\/wp\/v2\/categories?post=4099"},{"taxonomy":"post_tag","embeddable":true,"href":"https:\/\/zabnica.e-przedszkolak.eu\/archiwum\/wp-json\/wp\/v2\/tags?post=4099"}],"curies":[{"name":"wp","href":"https:\/\/api.w.org\/{rel}","templated":true}]}}