 {"id":4117,"date":"2022-06-30T17:01:39","date_gmt":"2022-06-30T15:01:39","guid":{"rendered":"https:\/\/zabnica.e-przedszkolak.eu\/?p=4117"},"modified":"2022-06-30T17:01:39","modified_gmt":"2022-06-30T15:01:39","slug":"koniec-roku-szkolnego","status":"publish","type":"post","link":"https:\/\/zabnica.e-przedszkolak.eu\/archiwum\/2022\/06\/30\/koniec-roku-szkolnego\/","title":{"rendered":"Koniec roku szkolnego"},"content":{"rendered":"<p style=\"text-align: justify;\">Ju\u017c po\u017cegnania nadszed\u0142 czas&#8230; \u2639\ufe0f 23.06 dzieci z m\u0142odszych grup po\u017cegna\u0142y swoich koleg\u00f3w i kole\u017canki, z kt\u00f3rymi nie spotkaj\u0105 si\u0119 ju\u017c we wrze\u015bniu. By\u0142y \u0142zy szcz\u0119\u015bcia, rado\u015bci ale te\u017c niestety smutku bo niekt\u00f3rzy sp\u0119dzili u nas cztery lata. I trzeba si\u0119 rozsta\u0107 \u2639\ufe0f<!--more-->Wszystkim siedmiolatka \u017cyczymy wszystkiego dobrego na nowym szczeblu edukacji. A wracaj\u0105c ze szko\u0142y zagl\u0105dnijcie do swoich pa\u0144, aby pochwali\u0107 si\u0119 sz\u00f3stkami \ud83d\ude01<\/p>\nngg_shortcode_0_placeholder\n","protected":false},"excerpt":{"rendered":"<p>Ju\u017c po\u017cegnania nadszed\u0142 czas&#8230; \u2639\ufe0f 23.06 dzieci z m\u0142odszych grup po\u017cegna\u0142y swoich koleg\u00f3w i kole\u017canki, z kt\u00f3rymi nie spotkaj\u0105 si\u0119 ju\u017c we wrze\u015bniu. By\u0142y \u0142zy szcz\u0119\u015bcia, rado\u015bci ale te\u017c niestety smutku bo niekt\u00f3rzy sp\u0119dzili u nas cztery lata. I trzeba si\u0119 rozsta\u0107 \u2639\ufe0f<\/p>\n","protected":false},"author":3,"featured_media":4127,"comment_status":"open","ping_status":"open","sticky":false,"template":"","format":"standard","meta":{"ngg_post_thumbnail":0,"footnotes":""},"categories":[1],"tags":[],"class_list":["post-4117","post","type-post","status-publish","format-standard","has-post-thumbnail","hentry","category-bez-kategorii"],"_links":{"self":[{"href":"https:\/\/zabnica.e-przedszkolak.eu\/archiwum\/wp-json\/wp\/v2\/posts\/4117","targetHints":{"allow":["GET"]}}],"collection":[{"href":"https:\/\/zabnica.e-przedszkolak.eu\/archiwum\/wp-json\/wp\/v2\/posts"}],"about":[{"href":"https:\/\/zabnica.e-przedszkolak.eu\/archiwum\/wp-json\/wp\/v2\/types\/post"}],"author":[{"embeddable":true,"href":"https:\/\/zabnica.e-przedszkolak.eu\/archiwum\/wp-json\/wp\/v2\/users\/3"}],"replies":[{"embeddable":true,"href":"https:\/\/zabnica.e-przedszkolak.eu\/archiwum\/wp-json\/wp\/v2\/comments?post=4117"}],"version-history":[{"count":1,"href":"https:\/\/zabnica.e-przedszkolak.eu\/archiwum\/wp-json\/wp\/v2\/posts\/4117\/revisions"}],"predecessor-version":[{"id":4128,"href":"https:\/\/zabnica.e-przedszkolak.eu\/archiwum\/wp-json\/wp\/v2\/posts\/4117\/revisions\/4128"}],"wp:featuredmedia":[{"embeddable":true,"href":"https:\/\/zabnica.e-przedszkolak.eu\/archiwum\/wp-json\/wp\/v2\/media\/4127"}],"wp:attachment":[{"href":"https:\/\/zabnica.e-przedszkolak.eu\/archiwum\/wp-json\/wp\/v2\/media?parent=4117"}],"wp:term":[{"taxonomy":"category","embeddable":true,"href":"https:\/\/zabnica.e-przedszkolak.eu\/archiwum\/wp-json\/wp\/v2\/categories?post=4117"},{"taxonomy":"post_tag","embeddable":true,"href":"https:\/\/zabnica.e-przedszkolak.eu\/archiwum\/wp-json\/wp\/v2\/tags?post=4117"}],"curies":[{"name":"wp","href":"https:\/\/api.w.org\/{rel}","templated":true}]}}