 {"id":4130,"date":"2022-08-30T16:21:59","date_gmt":"2022-08-30T14:21:59","guid":{"rendered":"https:\/\/zabnica.e-przedszkolak.eu\/?p=4130"},"modified":"2022-08-30T16:21:59","modified_gmt":"2022-08-30T14:21:59","slug":"ogloszenie-2","status":"publish","type":"post","link":"https:\/\/zabnica.e-przedszkolak.eu\/archiwum\/2022\/08\/30\/ogloszenie-2\/","title":{"rendered":"Og\u0142oszenie !!!"},"content":{"rendered":"<div dir=\"auto\" style=\"text-align: justify;\">Dyrektor przedszkola w \u017babnicy informuje, i\u017c zebranie organizacyjne na rok szkolny 2022\/2023 odb\u0119dzie si\u0119 30.08.2022 (wtorek) o godz. 16.00. Zebranie b\u0119dzie dotyczy\u0107 mi\u0119dzy innymi zmian p\u0142acowych.<\/div>\n<p style=\"text-align: justify;\"><!--more--><\/p>\n<div dir=\"auto\" style=\"text-align: justify;\">W zwi\u0105zku z czym prosimy o przyniesienie z sob\u0105 numeru rachunku bankowego z kt\u00f3rego b\u0119d\u0105 odprowadzane wp\u0142aty oraz adres mailowy. Obecno\u015b\u0107 obowi\u0105zkowa dotyczy wszystkich grup.<\/div>\n","protected":false},"excerpt":{"rendered":"<p>Dyrektor przedszkola w \u017babnicy informuje, i\u017c zebranie organizacyjne na rok szkolny 2022\/2023 odb\u0119dzie si\u0119 30.08.2022 (wtorek) o godz. 16.00. Zebranie b\u0119dzie dotyczy\u0107 mi\u0119dzy innymi zmian p\u0142acowych.<\/p>\n","protected":false},"author":3,"featured_media":3477,"comment_status":"open","ping_status":"open","sticky":false,"template":"","format":"standard","meta":{"ngg_post_thumbnail":0,"footnotes":""},"categories":[1],"tags":[],"class_list":["post-4130","post","type-post","status-publish","format-standard","has-post-thumbnail","hentry","category-bez-kategorii"],"_links":{"self":[{"href":"https:\/\/zabnica.e-przedszkolak.eu\/archiwum\/wp-json\/wp\/v2\/posts\/4130","targetHints":{"allow":["GET"]}}],"collection":[{"href":"https:\/\/zabnica.e-przedszkolak.eu\/archiwum\/wp-json\/wp\/v2\/posts"}],"about":[{"href":"https:\/\/zabnica.e-przedszkolak.eu\/archiwum\/wp-json\/wp\/v2\/types\/post"}],"author":[{"embeddable":true,"href":"https:\/\/zabnica.e-przedszkolak.eu\/archiwum\/wp-json\/wp\/v2\/users\/3"}],"replies":[{"embeddable":true,"href":"https:\/\/zabnica.e-przedszkolak.eu\/archiwum\/wp-json\/wp\/v2\/comments?post=4130"}],"version-history":[{"count":1,"href":"https:\/\/zabnica.e-przedszkolak.eu\/archiwum\/wp-json\/wp\/v2\/posts\/4130\/revisions"}],"predecessor-version":[{"id":4131,"href":"https:\/\/zabnica.e-przedszkolak.eu\/archiwum\/wp-json\/wp\/v2\/posts\/4130\/revisions\/4131"}],"wp:featuredmedia":[{"embeddable":true,"href":"https:\/\/zabnica.e-przedszkolak.eu\/archiwum\/wp-json\/wp\/v2\/media\/3477"}],"wp:attachment":[{"href":"https:\/\/zabnica.e-przedszkolak.eu\/archiwum\/wp-json\/wp\/v2\/media?parent=4130"}],"wp:term":[{"taxonomy":"category","embeddable":true,"href":"https:\/\/zabnica.e-przedszkolak.eu\/archiwum\/wp-json\/wp\/v2\/categories?post=4130"},{"taxonomy":"post_tag","embeddable":true,"href":"https:\/\/zabnica.e-przedszkolak.eu\/archiwum\/wp-json\/wp\/v2\/tags?post=4130"}],"curies":[{"name":"wp","href":"https:\/\/api.w.org\/{rel}","templated":true}]}}