 {"id":4133,"date":"2022-09-19T14:57:45","date_gmt":"2022-09-19T12:57:45","guid":{"rendered":"https:\/\/zabnica.e-przedszkolak.eu\/?p=4133"},"modified":"2022-09-19T14:57:45","modified_gmt":"2022-09-19T12:57:45","slug":"miedzynarodowy-dzien-kropki-3","status":"publish","type":"post","link":"https:\/\/zabnica.e-przedszkolak.eu\/archiwum\/2022\/09\/19\/miedzynarodowy-dzien-kropki-3\/","title":{"rendered":"Mi\u0119dzynarodowy Dzie\u0144 Kropki"},"content":{"rendered":"<p style=\"text-align: justify;\">15 wrze\u015bnia obchodzili\u015bmy Mi\u0119dzynarodowy Dzie\u0144 Kropki. Wszystkie przedszkolaki wyj\u0105tkowe jak kropeczki wykaza\u0142y swoj\u0105 kreatywno\u015b\u0107 podczas r\u00f3\u017cnych kropkowych zabaw oraz prac plastycznych.<!--more--><\/p>\n<p><strong><a href=\"https:\/\/m.facebook.com\/100062815070010\/posts\/pcb.532585358845295\/?photo_id=532583612178803&amp;mds=%2Fphotos%2Fviewer%2F%3Fphotoset_token%3Dpcb.532585358845295%26photo%3D532583612178803%26profileid%3D100025977542726%26eav%3DAfZGmWr5HVLd7hdI1YUArj8qohmdafrMf4GVq_RSfB2Lxeqj7rBkabJyGDckEYObtmA%26paipv%3D0%26source%3D48%26refid%3D52%26__tn__%3DEH-R%26cached_data%3Dtrue%26ftid%3D&amp;mdp=1&amp;mdf=1\">Zapraszamy do ogl\u0105dania galerii<\/a><\/strong><\/p>\n","protected":false},"excerpt":{"rendered":"<p>15 wrze\u015bnia obchodzili\u015bmy Mi\u0119dzynarodowy Dzie\u0144 Kropki. Wszystkie przedszkolaki wyj\u0105tkowe jak kropeczki wykaza\u0142y swoj\u0105 kreatywno\u015b\u0107 podczas r\u00f3\u017cnych kropkowych zabaw oraz prac plastycznych.<\/p>\n","protected":false},"author":3,"featured_media":4134,"comment_status":"open","ping_status":"open","sticky":false,"template":"","format":"standard","meta":{"ngg_post_thumbnail":0,"footnotes":""},"categories":[1],"tags":[],"class_list":["post-4133","post","type-post","status-publish","format-standard","has-post-thumbnail","hentry","category-bez-kategorii"],"_links":{"self":[{"href":"https:\/\/zabnica.e-przedszkolak.eu\/archiwum\/wp-json\/wp\/v2\/posts\/4133","targetHints":{"allow":["GET"]}}],"collection":[{"href":"https:\/\/zabnica.e-przedszkolak.eu\/archiwum\/wp-json\/wp\/v2\/posts"}],"about":[{"href":"https:\/\/zabnica.e-przedszkolak.eu\/archiwum\/wp-json\/wp\/v2\/types\/post"}],"author":[{"embeddable":true,"href":"https:\/\/zabnica.e-przedszkolak.eu\/archiwum\/wp-json\/wp\/v2\/users\/3"}],"replies":[{"embeddable":true,"href":"https:\/\/zabnica.e-przedszkolak.eu\/archiwum\/wp-json\/wp\/v2\/comments?post=4133"}],"version-history":[{"count":1,"href":"https:\/\/zabnica.e-przedszkolak.eu\/archiwum\/wp-json\/wp\/v2\/posts\/4133\/revisions"}],"predecessor-version":[{"id":4135,"href":"https:\/\/zabnica.e-przedszkolak.eu\/archiwum\/wp-json\/wp\/v2\/posts\/4133\/revisions\/4135"}],"wp:featuredmedia":[{"embeddable":true,"href":"https:\/\/zabnica.e-przedszkolak.eu\/archiwum\/wp-json\/wp\/v2\/media\/4134"}],"wp:attachment":[{"href":"https:\/\/zabnica.e-przedszkolak.eu\/archiwum\/wp-json\/wp\/v2\/media?parent=4133"}],"wp:term":[{"taxonomy":"category","embeddable":true,"href":"https:\/\/zabnica.e-przedszkolak.eu\/archiwum\/wp-json\/wp\/v2\/categories?post=4133"},{"taxonomy":"post_tag","embeddable":true,"href":"https:\/\/zabnica.e-przedszkolak.eu\/archiwum\/wp-json\/wp\/v2\/tags?post=4133"}],"curies":[{"name":"wp","href":"https:\/\/api.w.org\/{rel}","templated":true}]}}