 {"id":4137,"date":"2022-10-17T21:42:17","date_gmt":"2022-10-17T19:42:17","guid":{"rendered":"https:\/\/zabnica.e-przedszkolak.eu\/?p=4137"},"modified":"2022-10-17T21:42:17","modified_gmt":"2022-10-17T19:42:17","slug":"wyjazd-do-chlebowej-chaty-w-gorkach-wielkich","status":"publish","type":"post","link":"https:\/\/zabnica.e-przedszkolak.eu\/archiwum\/2022\/10\/17\/wyjazd-do-chlebowej-chaty-w-gorkach-wielkich\/","title":{"rendered":"Wyjazd do Chlebowej Chaty w G\u00f3rkach Wielkich"},"content":{"rendered":"<p style=\"text-align: justify;\">Nasze przedszkole w \u015brod\u0119 pojecha\u0142o do Chlebowej Chaty w G\u00f3rkach Wielkich&#8230;\u2764\ufe0f\u2764\ufe0f<br \/>\nW czasie wycieczki dzieci bra\u0142y udzia\u0142 w warsztatach piekarskich (same wykona\u0142y podp\u0142omyki) degustowali r\u00f3\u017cne gotowe pieczywa oraz upieczone podp\u0142omyki&#8230;<br \/>\nWielka atrakcj\u0105 by\u0142o karmienie zwierz\u0105t w zagrodzie&#8230;<!--more--><\/p>\n<p style=\"text-align: justify;\">A celem naszej wycieczki by\u0142o przybli\u017cenie \u017cycia naszych przodk\u00f3w, prezentacja maszyn dawniej stosowanych przy uprawie i obr\u00f3bce ziarna &#8211; Od ziarenka do bochenka!<\/p>\n<p>&nbsp;<\/p>\nngg_shortcode_0_placeholder\n","protected":false},"excerpt":{"rendered":"<p>Nasze przedszkole w \u015brod\u0119 pojecha\u0142o do Chlebowej Chaty w G\u00f3rkach Wielkich&#8230;\u2764\ufe0f\u2764\ufe0f W czasie wycieczki dzieci bra\u0142y udzia\u0142 w warsztatach piekarskich (same wykona\u0142y podp\u0142omyki) degustowali r\u00f3\u017cne gotowe pieczywa oraz upieczone podp\u0142omyki&#8230; Wielka atrakcj\u0105 by\u0142o karmienie zwierz\u0105t w zagrodzie&#8230;<\/p>\n","protected":false},"author":3,"featured_media":4149,"comment_status":"open","ping_status":"open","sticky":false,"template":"","format":"standard","meta":{"ngg_post_thumbnail":0,"footnotes":""},"categories":[1],"tags":[],"class_list":["post-4137","post","type-post","status-publish","format-standard","has-post-thumbnail","hentry","category-bez-kategorii"],"_links":{"self":[{"href":"https:\/\/zabnica.e-przedszkolak.eu\/archiwum\/wp-json\/wp\/v2\/posts\/4137","targetHints":{"allow":["GET"]}}],"collection":[{"href":"https:\/\/zabnica.e-przedszkolak.eu\/archiwum\/wp-json\/wp\/v2\/posts"}],"about":[{"href":"https:\/\/zabnica.e-przedszkolak.eu\/archiwum\/wp-json\/wp\/v2\/types\/post"}],"author":[{"embeddable":true,"href":"https:\/\/zabnica.e-przedszkolak.eu\/archiwum\/wp-json\/wp\/v2\/users\/3"}],"replies":[{"embeddable":true,"href":"https:\/\/zabnica.e-przedszkolak.eu\/archiwum\/wp-json\/wp\/v2\/comments?post=4137"}],"version-history":[{"count":1,"href":"https:\/\/zabnica.e-przedszkolak.eu\/archiwum\/wp-json\/wp\/v2\/posts\/4137\/revisions"}],"predecessor-version":[{"id":4150,"href":"https:\/\/zabnica.e-przedszkolak.eu\/archiwum\/wp-json\/wp\/v2\/posts\/4137\/revisions\/4150"}],"wp:featuredmedia":[{"embeddable":true,"href":"https:\/\/zabnica.e-przedszkolak.eu\/archiwum\/wp-json\/wp\/v2\/media\/4149"}],"wp:attachment":[{"href":"https:\/\/zabnica.e-przedszkolak.eu\/archiwum\/wp-json\/wp\/v2\/media?parent=4137"}],"wp:term":[{"taxonomy":"category","embeddable":true,"href":"https:\/\/zabnica.e-przedszkolak.eu\/archiwum\/wp-json\/wp\/v2\/categories?post=4137"},{"taxonomy":"post_tag","embeddable":true,"href":"https:\/\/zabnica.e-przedszkolak.eu\/archiwum\/wp-json\/wp\/v2\/tags?post=4137"}],"curies":[{"name":"wp","href":"https:\/\/api.w.org\/{rel}","templated":true}]}}