 {"id":4163,"date":"2023-03-01T10:26:46","date_gmt":"2023-03-01T09:26:46","guid":{"rendered":"https:\/\/zabnica.e-przedszkolak.eu\/?p=4163"},"modified":"2023-03-01T10:27:11","modified_gmt":"2023-03-01T09:27:11","slug":"teatrzyk","status":"publish","type":"post","link":"https:\/\/zabnica.e-przedszkolak.eu\/archiwum\/2023\/03\/01\/teatrzyk\/","title":{"rendered":"Teatrzyk"},"content":{"rendered":"<p dir=\"ltr\" style=\"text-align: justify;\">W pi\u0105tek go\u015bcili\u015bmy w naszym przedszkolu teatr ,,Eden&#8221; z przedstawieniem pt:,, Najpi\u0119kniejszy prezent&#8221;. <!--more--><\/p>\n<p dir=\"ltr\" style=\"text-align: justify;\">Historia, kt\u00f3r\u0105 ogl\u0105dn\u0119li\u015bmy by\u0142a bardzo przejmuj\u0105ca i daj\u0105c\u0105 do my\u015blenia&#8230;<br \/>\nBohater przedstawienia &#8211; ch\u0142opczyk Piotru\u015b marzy\u0142 by z okazji swoich urodzin sp\u0119dzi\u0107 czas ze swoim zapracowanym tat\u0105, a nie drogich prezentach jak pocz\u0105tkowo my\u015bla\u0142 ojciec.<br \/>\nDzi\u0119ki dobrym anio\u0142om oraz naszym przedszkolakom tata Piotrusia zrozumia\u0142 jak bardzo dziecko potrzebuje uwagi ze strony rodzica i wsp\u00f3lnie sp\u0119dzonego czasu \u2764<\/p>\nngg_shortcode_0_placeholder\n","protected":false},"excerpt":{"rendered":"<p>W pi\u0105tek go\u015bcili\u015bmy w naszym przedszkolu teatr ,,Eden&#8221; z przedstawieniem pt:,, Najpi\u0119kniejszy prezent&#8221;.<\/p>\n","protected":false},"author":3,"featured_media":4170,"comment_status":"open","ping_status":"open","sticky":false,"template":"","format":"standard","meta":{"ngg_post_thumbnail":0,"footnotes":""},"categories":[1],"tags":[],"class_list":["post-4163","post","type-post","status-publish","format-standard","has-post-thumbnail","hentry","category-bez-kategorii"],"_links":{"self":[{"href":"https:\/\/zabnica.e-przedszkolak.eu\/archiwum\/wp-json\/wp\/v2\/posts\/4163","targetHints":{"allow":["GET"]}}],"collection":[{"href":"https:\/\/zabnica.e-przedszkolak.eu\/archiwum\/wp-json\/wp\/v2\/posts"}],"about":[{"href":"https:\/\/zabnica.e-przedszkolak.eu\/archiwum\/wp-json\/wp\/v2\/types\/post"}],"author":[{"embeddable":true,"href":"https:\/\/zabnica.e-przedszkolak.eu\/archiwum\/wp-json\/wp\/v2\/users\/3"}],"replies":[{"embeddable":true,"href":"https:\/\/zabnica.e-przedszkolak.eu\/archiwum\/wp-json\/wp\/v2\/comments?post=4163"}],"version-history":[{"count":2,"href":"https:\/\/zabnica.e-przedszkolak.eu\/archiwum\/wp-json\/wp\/v2\/posts\/4163\/revisions"}],"predecessor-version":[{"id":4177,"href":"https:\/\/zabnica.e-przedszkolak.eu\/archiwum\/wp-json\/wp\/v2\/posts\/4163\/revisions\/4177"}],"wp:featuredmedia":[{"embeddable":true,"href":"https:\/\/zabnica.e-przedszkolak.eu\/archiwum\/wp-json\/wp\/v2\/media\/4170"}],"wp:attachment":[{"href":"https:\/\/zabnica.e-przedszkolak.eu\/archiwum\/wp-json\/wp\/v2\/media?parent=4163"}],"wp:term":[{"taxonomy":"category","embeddable":true,"href":"https:\/\/zabnica.e-przedszkolak.eu\/archiwum\/wp-json\/wp\/v2\/categories?post=4163"},{"taxonomy":"post_tag","embeddable":true,"href":"https:\/\/zabnica.e-przedszkolak.eu\/archiwum\/wp-json\/wp\/v2\/tags?post=4163"}],"curies":[{"name":"wp","href":"https:\/\/api.w.org\/{rel}","templated":true}]}}