 {"id":4178,"date":"2023-03-01T10:31:48","date_gmt":"2023-03-01T09:31:48","guid":{"rendered":"https:\/\/zabnica.e-przedszkolak.eu\/?p=4178"},"modified":"2023-03-01T10:31:48","modified_gmt":"2023-03-01T09:31:48","slug":"olimpiada-przedszkolakow","status":"publish","type":"post","link":"https:\/\/zabnica.e-przedszkolak.eu\/archiwum\/2023\/03\/01\/olimpiada-przedszkolakow\/","title":{"rendered":"Olimpiada przedszkolak\u00f3w"},"content":{"rendered":"<p dir=\"ltr\" style=\"text-align: justify;\">Kolejna Olimpiada Przedszkolak\u00f3w za nami \ud83e\udd47\ud83c\udfc6 Dzisiejszy dzie\u0144 by\u0142 dla nas pe\u0142en wra\u017ce\u0144.&nbsp; Reprezentacja naszych przedszkolak\u00f3w \u015bwietnie si\u0119 spisa\u0142a podczas wszystkich konkurencji\ud83c\udf89\ud83c\udf89<!--more--><\/p>\n<p dir=\"ltr\" style=\"text-align: justify;\">Bardzo dzi\u0119kujemy wszystkim rodzicom za obecno\u015b\u0107 i wspania\u0142y doping \ud83d\udc4d\ud83e\udd70<\/p>\nngg_shortcode_0_placeholder\n","protected":false},"excerpt":{"rendered":"<p>Kolejna Olimpiada Przedszkolak\u00f3w za nami \ud83e\udd47\ud83c\udfc6 Dzisiejszy dzie\u0144 by\u0142 dla nas pe\u0142en wra\u017ce\u0144.&nbsp; Reprezentacja naszych przedszkolak\u00f3w \u015bwietnie si\u0119 spisa\u0142a podczas wszystkich konkurencji\ud83c\udf89\ud83c\udf89<\/p>\n","protected":false},"author":3,"featured_media":4188,"comment_status":"open","ping_status":"open","sticky":false,"template":"","format":"standard","meta":{"ngg_post_thumbnail":0,"footnotes":""},"categories":[1],"tags":[],"class_list":["post-4178","post","type-post","status-publish","format-standard","has-post-thumbnail","hentry","category-bez-kategorii"],"_links":{"self":[{"href":"https:\/\/zabnica.e-przedszkolak.eu\/archiwum\/wp-json\/wp\/v2\/posts\/4178","targetHints":{"allow":["GET"]}}],"collection":[{"href":"https:\/\/zabnica.e-przedszkolak.eu\/archiwum\/wp-json\/wp\/v2\/posts"}],"about":[{"href":"https:\/\/zabnica.e-przedszkolak.eu\/archiwum\/wp-json\/wp\/v2\/types\/post"}],"author":[{"embeddable":true,"href":"https:\/\/zabnica.e-przedszkolak.eu\/archiwum\/wp-json\/wp\/v2\/users\/3"}],"replies":[{"embeddable":true,"href":"https:\/\/zabnica.e-przedszkolak.eu\/archiwum\/wp-json\/wp\/v2\/comments?post=4178"}],"version-history":[{"count":1,"href":"https:\/\/zabnica.e-przedszkolak.eu\/archiwum\/wp-json\/wp\/v2\/posts\/4178\/revisions"}],"predecessor-version":[{"id":4189,"href":"https:\/\/zabnica.e-przedszkolak.eu\/archiwum\/wp-json\/wp\/v2\/posts\/4178\/revisions\/4189"}],"wp:featuredmedia":[{"embeddable":true,"href":"https:\/\/zabnica.e-przedszkolak.eu\/archiwum\/wp-json\/wp\/v2\/media\/4188"}],"wp:attachment":[{"href":"https:\/\/zabnica.e-przedszkolak.eu\/archiwum\/wp-json\/wp\/v2\/media?parent=4178"}],"wp:term":[{"taxonomy":"category","embeddable":true,"href":"https:\/\/zabnica.e-przedszkolak.eu\/archiwum\/wp-json\/wp\/v2\/categories?post=4178"},{"taxonomy":"post_tag","embeddable":true,"href":"https:\/\/zabnica.e-przedszkolak.eu\/archiwum\/wp-json\/wp\/v2\/tags?post=4178"}],"curies":[{"name":"wp","href":"https:\/\/api.w.org\/{rel}","templated":true}]}}