 {"id":4190,"date":"2023-03-01T10:37:15","date_gmt":"2023-03-01T09:37:15","guid":{"rendered":"https:\/\/zabnica.e-przedszkolak.eu\/?p=4190"},"modified":"2023-03-01T10:37:15","modified_gmt":"2023-03-01T09:37:15","slug":"11-listopada-2","status":"publish","type":"post","link":"https:\/\/zabnica.e-przedszkolak.eu\/archiwum\/2023\/03\/01\/11-listopada-2\/","title":{"rendered":"11 listopada"},"content":{"rendered":"<p dir=\"ltr\" style=\"text-align: justify;\">,, To Polska w\u0142a\u015bnie, to moje miejsce. Tutaj mocniej bije mi serce&#8230;&#8221; Zabrzmia\u0142y dzisiaj s\u0142owa piosenki podczas uroczystego apelu dzieci starszych z okazji zbli\u017caj\u0105cego si\u0119 \u015awi\u0119ta Niepodleg\u0142o\u015bci \ud83c\uddf5\ud83c\uddf1<!--more--><\/p>\n<p dir=\"ltr\" style=\"text-align: justify;\">Bardzo dzi\u0119kujemy starszakom z grupy Smerfy i Biedronki za pi\u0119kn\u0105 lekcj\u0119 historii..\ud83d\udc4f<\/p>\nngg_shortcode_0_placeholder\n","protected":false},"excerpt":{"rendered":"<p>,, To Polska w\u0142a\u015bnie, to moje miejsce. Tutaj mocniej bije mi serce&#8230;&#8221; Zabrzmia\u0142y dzisiaj s\u0142owa piosenki podczas uroczystego apelu dzieci starszych z okazji zbli\u017caj\u0105cego si\u0119 \u015awi\u0119ta Niepodleg\u0142o\u015bci \ud83c\uddf5\ud83c\uddf1<\/p>\n","protected":false},"author":3,"featured_media":4202,"comment_status":"open","ping_status":"open","sticky":false,"template":"","format":"standard","meta":{"ngg_post_thumbnail":0,"footnotes":""},"categories":[1],"tags":[],"class_list":["post-4190","post","type-post","status-publish","format-standard","has-post-thumbnail","hentry","category-bez-kategorii"],"_links":{"self":[{"href":"https:\/\/zabnica.e-przedszkolak.eu\/archiwum\/wp-json\/wp\/v2\/posts\/4190","targetHints":{"allow":["GET"]}}],"collection":[{"href":"https:\/\/zabnica.e-przedszkolak.eu\/archiwum\/wp-json\/wp\/v2\/posts"}],"about":[{"href":"https:\/\/zabnica.e-przedszkolak.eu\/archiwum\/wp-json\/wp\/v2\/types\/post"}],"author":[{"embeddable":true,"href":"https:\/\/zabnica.e-przedszkolak.eu\/archiwum\/wp-json\/wp\/v2\/users\/3"}],"replies":[{"embeddable":true,"href":"https:\/\/zabnica.e-przedszkolak.eu\/archiwum\/wp-json\/wp\/v2\/comments?post=4190"}],"version-history":[{"count":1,"href":"https:\/\/zabnica.e-przedszkolak.eu\/archiwum\/wp-json\/wp\/v2\/posts\/4190\/revisions"}],"predecessor-version":[{"id":4203,"href":"https:\/\/zabnica.e-przedszkolak.eu\/archiwum\/wp-json\/wp\/v2\/posts\/4190\/revisions\/4203"}],"wp:featuredmedia":[{"embeddable":true,"href":"https:\/\/zabnica.e-przedszkolak.eu\/archiwum\/wp-json\/wp\/v2\/media\/4202"}],"wp:attachment":[{"href":"https:\/\/zabnica.e-przedszkolak.eu\/archiwum\/wp-json\/wp\/v2\/media?parent=4190"}],"wp:term":[{"taxonomy":"category","embeddable":true,"href":"https:\/\/zabnica.e-przedszkolak.eu\/archiwum\/wp-json\/wp\/v2\/categories?post=4190"},{"taxonomy":"post_tag","embeddable":true,"href":"https:\/\/zabnica.e-przedszkolak.eu\/archiwum\/wp-json\/wp\/v2\/tags?post=4190"}],"curies":[{"name":"wp","href":"https:\/\/api.w.org\/{rel}","templated":true}]}}