 {"id":4204,"date":"2023-03-01T10:39:39","date_gmt":"2023-03-01T09:39:39","guid":{"rendered":"https:\/\/zabnica.e-przedszkolak.eu\/?p=4204"},"modified":"2023-03-01T10:39:39","modified_gmt":"2023-03-01T09:39:39","slug":"pasowanie","status":"publish","type":"post","link":"https:\/\/zabnica.e-przedszkolak.eu\/archiwum\/2023\/03\/01\/pasowanie\/","title":{"rendered":"Pasowanie"},"content":{"rendered":"<p dir=\"ltr\" style=\"text-align: justify;\">Pasowanie na przedszkolaka \ud83c\udf89\ud83c\udf93 Dzisiaj odby\u0142 si\u0119 bardzo wa\u017cny dzie\u0144 dla naszych maluszk\u00f3w. Oficjalnie zosta\u0142y przyj\u0119te do spo\u0142eczno\u015bci przedszkolnej pasowani przez pani\u0105 dyrektor na prawdziwych przedszkolak\u00f3w. <!--more--><br \/>\nMaluszki da\u0142y r\u00f3wnie\u017c wyst\u0119p dla swoich rodzic\u00f3w prezentuj\u0105c swoje umiej\u0119tno\u015bci artystyczne. \ud83e\udd29<\/p>\n<p dir=\"ltr\" style=\"text-align: justify;\">Bardzo serdecznie dzi\u0119kujemy wszystkim rodzicom za zaanga\u017cowanie i pomoc w organizacji wyst\u0119pu\ud83e\udd70<\/p>\nngg_shortcode_0_placeholder\n","protected":false},"excerpt":{"rendered":"<p>Pasowanie na przedszkolaka \ud83c\udf89\ud83c\udf93 Dzisiaj odby\u0142 si\u0119 bardzo wa\u017cny dzie\u0144 dla naszych maluszk\u00f3w. Oficjalnie zosta\u0142y przyj\u0119te do spo\u0142eczno\u015bci przedszkolnej pasowani przez pani\u0105 dyrektor na prawdziwych przedszkolak\u00f3w.<\/p>\n","protected":false},"author":3,"featured_media":4217,"comment_status":"open","ping_status":"open","sticky":false,"template":"","format":"standard","meta":{"ngg_post_thumbnail":0,"footnotes":""},"categories":[1],"tags":[],"class_list":["post-4204","post","type-post","status-publish","format-standard","has-post-thumbnail","hentry","category-bez-kategorii"],"_links":{"self":[{"href":"https:\/\/zabnica.e-przedszkolak.eu\/archiwum\/wp-json\/wp\/v2\/posts\/4204","targetHints":{"allow":["GET"]}}],"collection":[{"href":"https:\/\/zabnica.e-przedszkolak.eu\/archiwum\/wp-json\/wp\/v2\/posts"}],"about":[{"href":"https:\/\/zabnica.e-przedszkolak.eu\/archiwum\/wp-json\/wp\/v2\/types\/post"}],"author":[{"embeddable":true,"href":"https:\/\/zabnica.e-przedszkolak.eu\/archiwum\/wp-json\/wp\/v2\/users\/3"}],"replies":[{"embeddable":true,"href":"https:\/\/zabnica.e-przedszkolak.eu\/archiwum\/wp-json\/wp\/v2\/comments?post=4204"}],"version-history":[{"count":1,"href":"https:\/\/zabnica.e-przedszkolak.eu\/archiwum\/wp-json\/wp\/v2\/posts\/4204\/revisions"}],"predecessor-version":[{"id":4218,"href":"https:\/\/zabnica.e-przedszkolak.eu\/archiwum\/wp-json\/wp\/v2\/posts\/4204\/revisions\/4218"}],"wp:featuredmedia":[{"embeddable":true,"href":"https:\/\/zabnica.e-przedszkolak.eu\/archiwum\/wp-json\/wp\/v2\/media\/4217"}],"wp:attachment":[{"href":"https:\/\/zabnica.e-przedszkolak.eu\/archiwum\/wp-json\/wp\/v2\/media?parent=4204"}],"wp:term":[{"taxonomy":"category","embeddable":true,"href":"https:\/\/zabnica.e-przedszkolak.eu\/archiwum\/wp-json\/wp\/v2\/categories?post=4204"},{"taxonomy":"post_tag","embeddable":true,"href":"https:\/\/zabnica.e-przedszkolak.eu\/archiwum\/wp-json\/wp\/v2\/tags?post=4204"}],"curies":[{"name":"wp","href":"https:\/\/api.w.org\/{rel}","templated":true}]}}