 {"id":4250,"date":"2023-03-03T14:21:41","date_gmt":"2023-03-03T13:21:41","guid":{"rendered":"https:\/\/zabnica.e-przedszkolak.eu\/?p=4250"},"modified":"2023-03-03T14:21:41","modified_gmt":"2023-03-03T13:21:41","slug":"konkurs-koled-i-pastoralek","status":"publish","type":"post","link":"https:\/\/zabnica.e-przedszkolak.eu\/archiwum\/2023\/03\/03\/konkurs-koled-i-pastoralek\/","title":{"rendered":"Konkurs kol\u0119d i pastora\u0142ek"},"content":{"rendered":"<p style=\"text-align: justify;\">Hej kol\u0119da kol\u0119da&#8230;. Ostatnio nasze przedszkole bra\u0142o udzia\u0142 w przegl\u0105dzie kol\u0119d i pastora\u0142ek w OPG W\u0119gierska G\u00f3rka&#8230;. Zostali\u015bmy zaproszeni 6 stycznia na kolejny wyst\u0119p\ud83d\ude01\ud83d\ude18 Bardzo dzi\u0119kujemy za zaanga\u017cowanie rodzic\u00f3w w przyw\u00f3z dzieci i zorganizowanie stroi dla dzieci\ud83d\ude18\ud83d\ude18\ud83d\ude01<!--more--><\/p>\nngg_shortcode_0_placeholder\n","protected":false},"excerpt":{"rendered":"<p>Hej kol\u0119da kol\u0119da&#8230;. Ostatnio nasze przedszkole bra\u0142o udzia\u0142 w przegl\u0105dzie kol\u0119d i pastora\u0142ek w OPG W\u0119gierska G\u00f3rka&#8230;. Zostali\u015bmy zaproszeni 6 stycznia na kolejny wyst\u0119p\ud83d\ude01\ud83d\ude18 Bardzo dzi\u0119kujemy za zaanga\u017cowanie rodzic\u00f3w w przyw\u00f3z dzieci i zorganizowanie stroi dla dzieci\ud83d\ude18\ud83d\ude18\ud83d\ude01<\/p>\n","protected":false},"author":3,"featured_media":4257,"comment_status":"open","ping_status":"open","sticky":false,"template":"","format":"standard","meta":{"ngg_post_thumbnail":0,"footnotes":""},"categories":[1],"tags":[],"class_list":["post-4250","post","type-post","status-publish","format-standard","has-post-thumbnail","hentry","category-bez-kategorii"],"_links":{"self":[{"href":"https:\/\/zabnica.e-przedszkolak.eu\/archiwum\/wp-json\/wp\/v2\/posts\/4250","targetHints":{"allow":["GET"]}}],"collection":[{"href":"https:\/\/zabnica.e-przedszkolak.eu\/archiwum\/wp-json\/wp\/v2\/posts"}],"about":[{"href":"https:\/\/zabnica.e-przedszkolak.eu\/archiwum\/wp-json\/wp\/v2\/types\/post"}],"author":[{"embeddable":true,"href":"https:\/\/zabnica.e-przedszkolak.eu\/archiwum\/wp-json\/wp\/v2\/users\/3"}],"replies":[{"embeddable":true,"href":"https:\/\/zabnica.e-przedszkolak.eu\/archiwum\/wp-json\/wp\/v2\/comments?post=4250"}],"version-history":[{"count":1,"href":"https:\/\/zabnica.e-przedszkolak.eu\/archiwum\/wp-json\/wp\/v2\/posts\/4250\/revisions"}],"predecessor-version":[{"id":4258,"href":"https:\/\/zabnica.e-przedszkolak.eu\/archiwum\/wp-json\/wp\/v2\/posts\/4250\/revisions\/4258"}],"wp:featuredmedia":[{"embeddable":true,"href":"https:\/\/zabnica.e-przedszkolak.eu\/archiwum\/wp-json\/wp\/v2\/media\/4257"}],"wp:attachment":[{"href":"https:\/\/zabnica.e-przedszkolak.eu\/archiwum\/wp-json\/wp\/v2\/media?parent=4250"}],"wp:term":[{"taxonomy":"category","embeddable":true,"href":"https:\/\/zabnica.e-przedszkolak.eu\/archiwum\/wp-json\/wp\/v2\/categories?post=4250"},{"taxonomy":"post_tag","embeddable":true,"href":"https:\/\/zabnica.e-przedszkolak.eu\/archiwum\/wp-json\/wp\/v2\/tags?post=4250"}],"curies":[{"name":"wp","href":"https:\/\/api.w.org\/{rel}","templated":true}]}}