 {"id":4302,"date":"2023-03-03T14:43:30","date_gmt":"2023-03-03T13:43:30","guid":{"rendered":"https:\/\/zabnica.e-przedszkolak.eu\/?p=4302"},"modified":"2023-03-03T14:44:16","modified_gmt":"2023-03-03T13:44:16","slug":"pomaganie-jest-dobre","status":"publish","type":"post","link":"https:\/\/zabnica.e-przedszkolak.eu\/archiwum\/2023\/03\/03\/pomaganie-jest-dobre\/","title":{"rendered":"Pomaganie jest dobre&#8230;"},"content":{"rendered":"<p style=\"text-align: justify;\">W miesi\u0105cu lutym Przedszkole w \u017babnicy podj\u0119\u0142o wyzwanie wsparcia finansowego dla podopiecznej Fundacji ,,ZD\u0104\u017bY\u0106 Z POMOC\u0104&#8221; 5-cio letniej Zuzi. Doch\u00f3d mia\u0142 by\u0107 uzyskany ze sprzeda\u017cy ciast i p\u0105czk\u00f3w, kt\u00f3re piekli nasi rodzice i nauczyciele. \ud83c\udf70\ud83c\udf82\ud83c\udf69\ud83c\udf69\ud83c\udf6a\ud83e\udd67 Zaanga\u017cowanie rodzic\u00f3w i dziadk\u00f3w przeros\u0142y nasze naj\u015bmielsze oczekiwania\ud83e\udd70\u2764\u2764<!--more--><\/p>\n<p dir=\"ltr\" style=\"text-align: justify;\">W imieniu ma\u0142ej Zuzi bardzo dzi\u0119kujemy wszystkim, kt\u00f3rzy otworzyli serce i razem z nami tak licznie,&nbsp; z wielkim zaanga\u017cowaniem w\u0142\u0105czyli si\u0119 w nasz\u0105 akcj\u0119. \ud83e\udd70\ud83d\ude18\ud83d\ude18 Bez Waszej przychylnej postawy zorganizowanie tej wspania\u0142ej akcji by\u0142oby niemo\u017cliwe. \ud83d\ude4f Razem zebrali\u015bmy 4847,50 z\u0142otych \ud83d\ude0d\ud83e\udd29 Dla takich chwil warto \u017cy\u0107 \ud83d\ude07\ud83e\udd73<\/p>\n<p dir=\"ltr\">&nbsp;<\/p>\n<p dir=\"ltr\" style=\"text-align: justify;\"><em>Z ca\u0142ego serca dzi\u0119kujemy \ud83d\ude18<\/em><br \/>\n<em>Dyrektor, Grono pedagogiczne wraz z ca\u0142ym personelem Przedszkola w \u017babnicy<\/em><\/p>\n<p dir=\"ltr\"><a href=\"https:\/\/zabnica.e-przedszkolak.eu\/archiwum\/wp-content\/uploads\/2023\/03\/fb_img_1677787895097.jpg\"><img loading=\"lazy\" decoding=\"async\" class=\"aligncenter wp-image-4303\" src=\"https:\/\/zabnica.e-przedszkolak.eu\/archiwum\/wp-content\/uploads\/2023\/03\/fb_img_1677787895097-300x225.jpg\" alt=\"\" width=\"474\" height=\"355\" srcset=\"https:\/\/zabnica.e-przedszkolak.eu\/archiwum\/wp-content\/uploads\/2023\/03\/fb_img_1677787895097-300x225.jpg 300w, https:\/\/zabnica.e-przedszkolak.eu\/archiwum\/wp-content\/uploads\/2023\/03\/fb_img_1677787895097-1024x768.jpg 1024w, https:\/\/zabnica.e-przedszkolak.eu\/archiwum\/wp-content\/uploads\/2023\/03\/fb_img_1677787895097-768x576.jpg 768w, https:\/\/zabnica.e-przedszkolak.eu\/archiwum\/wp-content\/uploads\/2023\/03\/fb_img_1677787895097.jpg 1440w\" sizes=\"auto, (max-width: 474px) 100vw, 474px\" \/><\/a><\/p>\n","protected":false},"excerpt":{"rendered":"<p>W miesi\u0105cu lutym Przedszkole w \u017babnicy podj\u0119\u0142o wyzwanie wsparcia finansowego dla podopiecznej Fundacji ,,ZD\u0104\u017bY\u0106 Z POMOC\u0104&#8221; 5-cio letniej Zuzi. Doch\u00f3d mia\u0142 by\u0107 uzyskany ze sprzeda\u017cy ciast i p\u0105czk\u00f3w, kt\u00f3re piekli nasi rodzice i nauczyciele. \ud83c\udf70\ud83c\udf82\ud83c\udf69\ud83c\udf69\ud83c\udf6a\ud83e\udd67 Zaanga\u017cowanie rodzic\u00f3w i dziadk\u00f3w przeros\u0142y nasze naj\u015bmielsze oczekiwania\ud83e\udd70\u2764\u2764<\/p>\n","protected":false},"author":3,"featured_media":3477,"comment_status":"open","ping_status":"open","sticky":false,"template":"","format":"standard","meta":{"ngg_post_thumbnail":0,"footnotes":""},"categories":[1],"tags":[],"class_list":["post-4302","post","type-post","status-publish","format-standard","has-post-thumbnail","hentry","category-bez-kategorii"],"_links":{"self":[{"href":"https:\/\/zabnica.e-przedszkolak.eu\/archiwum\/wp-json\/wp\/v2\/posts\/4302","targetHints":{"allow":["GET"]}}],"collection":[{"href":"https:\/\/zabnica.e-przedszkolak.eu\/archiwum\/wp-json\/wp\/v2\/posts"}],"about":[{"href":"https:\/\/zabnica.e-przedszkolak.eu\/archiwum\/wp-json\/wp\/v2\/types\/post"}],"author":[{"embeddable":true,"href":"https:\/\/zabnica.e-przedszkolak.eu\/archiwum\/wp-json\/wp\/v2\/users\/3"}],"replies":[{"embeddable":true,"href":"https:\/\/zabnica.e-przedszkolak.eu\/archiwum\/wp-json\/wp\/v2\/comments?post=4302"}],"version-history":[{"count":4,"href":"https:\/\/zabnica.e-przedszkolak.eu\/archiwum\/wp-json\/wp\/v2\/posts\/4302\/revisions"}],"predecessor-version":[{"id":4307,"href":"https:\/\/zabnica.e-przedszkolak.eu\/archiwum\/wp-json\/wp\/v2\/posts\/4302\/revisions\/4307"}],"wp:featuredmedia":[{"embeddable":true,"href":"https:\/\/zabnica.e-przedszkolak.eu\/archiwum\/wp-json\/wp\/v2\/media\/3477"}],"wp:attachment":[{"href":"https:\/\/zabnica.e-przedszkolak.eu\/archiwum\/wp-json\/wp\/v2\/media?parent=4302"}],"wp:term":[{"taxonomy":"category","embeddable":true,"href":"https:\/\/zabnica.e-przedszkolak.eu\/archiwum\/wp-json\/wp\/v2\/categories?post=4302"},{"taxonomy":"post_tag","embeddable":true,"href":"https:\/\/zabnica.e-przedszkolak.eu\/archiwum\/wp-json\/wp\/v2\/tags?post=4302"}],"curies":[{"name":"wp","href":"https:\/\/api.w.org\/{rel}","templated":true}]}}