 {"id":4309,"date":"2023-03-16T16:58:22","date_gmt":"2023-03-16T15:58:22","guid":{"rendered":"https:\/\/zabnica.e-przedszkolak.eu\/?p=4309"},"modified":"2023-03-16T16:58:42","modified_gmt":"2023-03-16T15:58:42","slug":"wyjazd-do-fabryki-czekolady","status":"publish","type":"post","link":"https:\/\/zabnica.e-przedszkolak.eu\/archiwum\/2023\/03\/16\/wyjazd-do-fabryki-czekolady\/","title":{"rendered":"Wyjazd do fabryki czekolady oraz do Olvierlandu"},"content":{"rendered":"<p style=\"text-align: justify;\">W dniu 03.03 zosta\u0142 zorganizowany wyjazd do fabryki czekolady Beskid Chocolate oraz do Olvierlandu w W\u0119gierskiej G\u00f3rce. Dzieci wykona\u0142y w\u0142asne czekoladki, kt\u00f3re mog\u0142y pi\u0119knie i smacznie udekorowa\u0107 oraz zaprojektowa\u0107 swoje opakowanie. Dowiedzie\u0107 sie w jaki spos\u00f3b robi si\u0119 czekolad\u0119, a nawet posmakowa\u0107 prawdziwych ziaren kakaowca. Dope\u0142nieniem tego dnia byli szale\u0144stwo w figloraju \ud83d\ude01<!--more-->Wyjazd ten by\u0142 forma nagrody dla dzieci, kt\u00f3re zdoby\u0142y 1 miejsce w konkursie organizowanym przez stowarzyszenie Ci\u0119cina.eu, podczas Jarmarku Bo\u017conarodzeniowego w Ci\u0119cinie.<\/p>\nngg_shortcode_0_placeholder\n","protected":false},"excerpt":{"rendered":"<p>W dniu 03.03 zosta\u0142 zorganizowany wyjazd do fabryki czekolady Beskid Chocolate oraz do Olvierlandu w W\u0119gierskiej G\u00f3rce. Dzieci wykona\u0142y w\u0142asne czekoladki, kt\u00f3re mog\u0142y pi\u0119knie i smacznie udekorowa\u0107 oraz zaprojektowa\u0107 swoje opakowanie. Dowiedzie\u0107 sie w jaki spos\u00f3b robi si\u0119 czekolad\u0119, a nawet posmakowa\u0107 prawdziwych ziaren kakaowca. Dope\u0142nieniem tego dnia byli szale\u0144stwo w figloraju \ud83d\ude01<\/p>\n","protected":false},"author":3,"featured_media":4324,"comment_status":"open","ping_status":"open","sticky":false,"template":"","format":"standard","meta":{"ngg_post_thumbnail":0,"footnotes":""},"categories":[1],"tags":[],"class_list":["post-4309","post","type-post","status-publish","format-standard","has-post-thumbnail","hentry","category-bez-kategorii"],"_links":{"self":[{"href":"https:\/\/zabnica.e-przedszkolak.eu\/archiwum\/wp-json\/wp\/v2\/posts\/4309","targetHints":{"allow":["GET"]}}],"collection":[{"href":"https:\/\/zabnica.e-przedszkolak.eu\/archiwum\/wp-json\/wp\/v2\/posts"}],"about":[{"href":"https:\/\/zabnica.e-przedszkolak.eu\/archiwum\/wp-json\/wp\/v2\/types\/post"}],"author":[{"embeddable":true,"href":"https:\/\/zabnica.e-przedszkolak.eu\/archiwum\/wp-json\/wp\/v2\/users\/3"}],"replies":[{"embeddable":true,"href":"https:\/\/zabnica.e-przedszkolak.eu\/archiwum\/wp-json\/wp\/v2\/comments?post=4309"}],"version-history":[{"count":2,"href":"https:\/\/zabnica.e-przedszkolak.eu\/archiwum\/wp-json\/wp\/v2\/posts\/4309\/revisions"}],"predecessor-version":[{"id":4326,"href":"https:\/\/zabnica.e-przedszkolak.eu\/archiwum\/wp-json\/wp\/v2\/posts\/4309\/revisions\/4326"}],"wp:featuredmedia":[{"embeddable":true,"href":"https:\/\/zabnica.e-przedszkolak.eu\/archiwum\/wp-json\/wp\/v2\/media\/4324"}],"wp:attachment":[{"href":"https:\/\/zabnica.e-przedszkolak.eu\/archiwum\/wp-json\/wp\/v2\/media?parent=4309"}],"wp:term":[{"taxonomy":"category","embeddable":true,"href":"https:\/\/zabnica.e-przedszkolak.eu\/archiwum\/wp-json\/wp\/v2\/categories?post=4309"},{"taxonomy":"post_tag","embeddable":true,"href":"https:\/\/zabnica.e-przedszkolak.eu\/archiwum\/wp-json\/wp\/v2\/tags?post=4309"}],"curies":[{"name":"wp","href":"https:\/\/api.w.org\/{rel}","templated":true}]}}