 {"id":4328,"date":"2023-04-06T09:20:14","date_gmt":"2023-04-06T07:20:14","guid":{"rendered":"https:\/\/zabnica.e-przedszkolak.eu\/?p=4328"},"modified":"2023-04-06T09:50:25","modified_gmt":"2023-04-06T07:50:25","slug":"powitanie-wiosny-%f0%9f%8c%b7%f0%9f%8c%bc","status":"publish","type":"post","link":"https:\/\/zabnica.e-przedszkolak.eu\/archiwum\/2023\/04\/06\/powitanie-wiosny-%f0%9f%8c%b7%f0%9f%8c%bc\/","title":{"rendered":"Powitanie Wiosny \ud83c\udf37\ud83c\udf3c"},"content":{"rendered":"<p style=\"text-align: justify;\">Jak co roku nasze przedszkolaki wybra\u0142y si\u0119 nad rzek\u0119 z Marzann\u0105, aby po\u017cegna\u0107 zim\u0119 i powita\u0107 wiosn\u0119. Nasza zimowa panna pop\u0142yn\u0119\u0142a z nurtem rzeki, tak\u017ce z niecierpliwo\u015bci\u0105 czekamy na pi\u0119kn\u0105 i ciep\u0142\u0105 wiosn\u0119 \ud83d\udc9a\ud83c\udf1e<!--more-->Nie zapomnieli\u015bmy r\u00f3wnie\u017c o wa\u017cnym dniu, kt\u00f3ry obchodzony jest pierwszego dnia wiosny, a mianowicie Dzie\u0144 Os\u00f3b z Zespo\u0142em Downa. Na znak solidaryzowania z si\u0119 taki osobami ubrali\u015bmy skarpetki nie do pary oraz ogl\u0105dn\u0119li\u015bmy film edukacyjny \u017ceby przybli\u017cy\u0107 ide\u0119 tego dnia.<\/p>\nngg_shortcode_0_placeholder\n","protected":false},"excerpt":{"rendered":"<p>Jak co roku nasze przedszkolaki wybra\u0142y si\u0119 nad rzek\u0119 z Marzann\u0105, aby po\u017cegna\u0107 zim\u0119 i powita\u0107 wiosn\u0119. Nasza zimowa panna pop\u0142yn\u0119\u0142a z nurtem rzeki, tak\u017ce z niecierpliwo\u015bci\u0105 czekamy na pi\u0119kn\u0105 i ciep\u0142\u0105 wiosn\u0119 \ud83d\udc9a\ud83c\udf1e<\/p>\n","protected":false},"author":3,"featured_media":4338,"comment_status":"open","ping_status":"open","sticky":false,"template":"","format":"standard","meta":{"ngg_post_thumbnail":0,"footnotes":""},"categories":[1],"tags":[],"class_list":["post-4328","post","type-post","status-publish","format-standard","has-post-thumbnail","hentry","category-bez-kategorii"],"_links":{"self":[{"href":"https:\/\/zabnica.e-przedszkolak.eu\/archiwum\/wp-json\/wp\/v2\/posts\/4328","targetHints":{"allow":["GET"]}}],"collection":[{"href":"https:\/\/zabnica.e-przedszkolak.eu\/archiwum\/wp-json\/wp\/v2\/posts"}],"about":[{"href":"https:\/\/zabnica.e-przedszkolak.eu\/archiwum\/wp-json\/wp\/v2\/types\/post"}],"author":[{"embeddable":true,"href":"https:\/\/zabnica.e-przedszkolak.eu\/archiwum\/wp-json\/wp\/v2\/users\/3"}],"replies":[{"embeddable":true,"href":"https:\/\/zabnica.e-przedszkolak.eu\/archiwum\/wp-json\/wp\/v2\/comments?post=4328"}],"version-history":[{"count":2,"href":"https:\/\/zabnica.e-przedszkolak.eu\/archiwum\/wp-json\/wp\/v2\/posts\/4328\/revisions"}],"predecessor-version":[{"id":4340,"href":"https:\/\/zabnica.e-przedszkolak.eu\/archiwum\/wp-json\/wp\/v2\/posts\/4328\/revisions\/4340"}],"wp:featuredmedia":[{"embeddable":true,"href":"https:\/\/zabnica.e-przedszkolak.eu\/archiwum\/wp-json\/wp\/v2\/media\/4338"}],"wp:attachment":[{"href":"https:\/\/zabnica.e-przedszkolak.eu\/archiwum\/wp-json\/wp\/v2\/media?parent=4328"}],"wp:term":[{"taxonomy":"category","embeddable":true,"href":"https:\/\/zabnica.e-przedszkolak.eu\/archiwum\/wp-json\/wp\/v2\/categories?post=4328"},{"taxonomy":"post_tag","embeddable":true,"href":"https:\/\/zabnica.e-przedszkolak.eu\/archiwum\/wp-json\/wp\/v2\/tags?post=4328"}],"curies":[{"name":"wp","href":"https:\/\/api.w.org\/{rel}","templated":true}]}}