 {"id":4365,"date":"2023-07-13T11:55:28","date_gmt":"2023-07-13T09:55:28","guid":{"rendered":"https:\/\/zabnica.e-przedszkolak.eu\/?p=4365"},"modified":"2023-07-13T11:55:28","modified_gmt":"2023-07-13T09:55:28","slug":"dzien-dziecka-4","status":"publish","type":"post","link":"https:\/\/zabnica.e-przedszkolak.eu\/archiwum\/2023\/07\/13\/dzien-dziecka-4\/","title":{"rendered":"Dzie\u0144 Dziecka"},"content":{"rendered":"<p style=\"text-align: justify;\">Dzie\u0144 Dziecka by\u0142 dla nas pe\u0142en wra\u017ce\u0144 \ud83e\udd73 Wybrali\u015bmy si\u0119 na ma\u0142\u0105 wycieczk\u0119 po naszej pi\u0119knej okolicy oraz do Agroturystyki ,,Piekie\u0142ko&#8221; gdzie wspaniale sp\u0119dzili\u015bmy czas na zabawie. \u015aniadanie na \u0142onie natury wszytkim dzieciom bardzo smakowa\u0142o, tak jak i kie\u0142baska z grila oraz lody \ud83d\ude0b\ud83d\ude01<!--more-->Pi\u0119kna, s\u0142oneczna pogoda jeszcze bardziej wprawi\u0142a nas w radosny nastr\u00f3j\ud83c\udf1e\ud83c\udf1e\ud83e\udd70<br \/>\nBardzo serdecznie dzi\u0119kujemy za go\u015bcin\u0119 \u2764<\/p>\nngg_shortcode_0_placeholder\n","protected":false},"excerpt":{"rendered":"<p>Dzie\u0144 Dziecka by\u0142 dla nas pe\u0142en wra\u017ce\u0144 \ud83e\udd73 Wybrali\u015bmy si\u0119 na ma\u0142\u0105 wycieczk\u0119 po naszej pi\u0119knej okolicy oraz do Agroturystyki ,,Piekie\u0142ko&#8221; gdzie wspaniale sp\u0119dzili\u015bmy czas na zabawie. \u015aniadanie na \u0142onie natury wszytkim dzieciom bardzo smakowa\u0142o, tak jak i kie\u0142baska z grila oraz lody \ud83d\ude0b\ud83d\ude01<\/p>\n","protected":false},"author":3,"featured_media":4377,"comment_status":"open","ping_status":"open","sticky":false,"template":"","format":"standard","meta":{"ngg_post_thumbnail":0,"footnotes":""},"categories":[1],"tags":[],"class_list":["post-4365","post","type-post","status-publish","format-standard","has-post-thumbnail","hentry","category-bez-kategorii"],"_links":{"self":[{"href":"https:\/\/zabnica.e-przedszkolak.eu\/archiwum\/wp-json\/wp\/v2\/posts\/4365","targetHints":{"allow":["GET"]}}],"collection":[{"href":"https:\/\/zabnica.e-przedszkolak.eu\/archiwum\/wp-json\/wp\/v2\/posts"}],"about":[{"href":"https:\/\/zabnica.e-przedszkolak.eu\/archiwum\/wp-json\/wp\/v2\/types\/post"}],"author":[{"embeddable":true,"href":"https:\/\/zabnica.e-przedszkolak.eu\/archiwum\/wp-json\/wp\/v2\/users\/3"}],"replies":[{"embeddable":true,"href":"https:\/\/zabnica.e-przedszkolak.eu\/archiwum\/wp-json\/wp\/v2\/comments?post=4365"}],"version-history":[{"count":1,"href":"https:\/\/zabnica.e-przedszkolak.eu\/archiwum\/wp-json\/wp\/v2\/posts\/4365\/revisions"}],"predecessor-version":[{"id":4378,"href":"https:\/\/zabnica.e-przedszkolak.eu\/archiwum\/wp-json\/wp\/v2\/posts\/4365\/revisions\/4378"}],"wp:featuredmedia":[{"embeddable":true,"href":"https:\/\/zabnica.e-przedszkolak.eu\/archiwum\/wp-json\/wp\/v2\/media\/4377"}],"wp:attachment":[{"href":"https:\/\/zabnica.e-przedszkolak.eu\/archiwum\/wp-json\/wp\/v2\/media?parent=4365"}],"wp:term":[{"taxonomy":"category","embeddable":true,"href":"https:\/\/zabnica.e-przedszkolak.eu\/archiwum\/wp-json\/wp\/v2\/categories?post=4365"},{"taxonomy":"post_tag","embeddable":true,"href":"https:\/\/zabnica.e-przedszkolak.eu\/archiwum\/wp-json\/wp\/v2\/tags?post=4365"}],"curies":[{"name":"wp","href":"https:\/\/api.w.org\/{rel}","templated":true}]}}