 {"id":4379,"date":"2023-07-13T11:58:12","date_gmt":"2023-07-13T09:58:12","guid":{"rendered":"https:\/\/zabnica.e-przedszkolak.eu\/?p=4379"},"modified":"2023-07-13T11:58:12","modified_gmt":"2023-07-13T09:58:12","slug":"dzien-ziemi-%f0%9f%8c%8f%f0%9f%92%9a%f0%9f%92%99","status":"publish","type":"post","link":"https:\/\/zabnica.e-przedszkolak.eu\/archiwum\/2023\/07\/13\/dzien-ziemi-%f0%9f%8c%8f%f0%9f%92%9a%f0%9f%92%99\/","title":{"rendered":"Dzie\u0144 Ziemi \ud83c\udf0f\ud83d\udc9a\ud83d\udc99"},"content":{"rendered":"<p style=\"text-align: justify;\">,, Moja planeta, b\u0142\u0119kitna kula Ma\u0142y okruszek we wszech\u015bwiecie&#8230;&#8221; zabrzmia\u0142y s\u0142owa piosenki \u015bpiewanej przez naszych kochanych przedszkolak\u00f3w. W pi\u0105tek w naszym przedszkolu obchodzili\u015bmy Dzie\u0144 Ziemi, podczas kt\u00f3rego zorganizowali\u015bmy pokaz mody ekologicznej. <!--more-->Dzieci byly wspaniale przebrane za co bardzo dzi\u0119kujemy rodzicom, kt\u00f3rzy wykazali si\u0119 du\u017c\u0105 kreatywno\u015bci\u0105 \ud83e\udd70 Nast\u0119pnie wyruszyli\u015bmy w pochodzie z ekologicznymi has\u0142ami zach\u0119caj\u0105c wszystkich do dbania o nasz\u0105 planet\u0119 oraz posprz\u0105tali\u015bmy teren w pobli\u017cu przedszkola\ud83d\ude07<\/p>\nngg_shortcode_0_placeholder\n","protected":false},"excerpt":{"rendered":"<p>,, Moja planeta, b\u0142\u0119kitna kula Ma\u0142y okruszek we wszech\u015bwiecie&#8230;&#8221; zabrzmia\u0142y s\u0142owa piosenki \u015bpiewanej przez naszych kochanych przedszkolak\u00f3w. W pi\u0105tek w naszym przedszkolu obchodzili\u015bmy Dzie\u0144 Ziemi, podczas kt\u00f3rego zorganizowali\u015bmy pokaz mody ekologicznej.<\/p>\n","protected":false},"author":3,"featured_media":4388,"comment_status":"open","ping_status":"open","sticky":false,"template":"","format":"standard","meta":{"ngg_post_thumbnail":0,"footnotes":""},"categories":[1],"tags":[],"class_list":["post-4379","post","type-post","status-publish","format-standard","has-post-thumbnail","hentry","category-bez-kategorii"],"_links":{"self":[{"href":"https:\/\/zabnica.e-przedszkolak.eu\/archiwum\/wp-json\/wp\/v2\/posts\/4379","targetHints":{"allow":["GET"]}}],"collection":[{"href":"https:\/\/zabnica.e-przedszkolak.eu\/archiwum\/wp-json\/wp\/v2\/posts"}],"about":[{"href":"https:\/\/zabnica.e-przedszkolak.eu\/archiwum\/wp-json\/wp\/v2\/types\/post"}],"author":[{"embeddable":true,"href":"https:\/\/zabnica.e-przedszkolak.eu\/archiwum\/wp-json\/wp\/v2\/users\/3"}],"replies":[{"embeddable":true,"href":"https:\/\/zabnica.e-przedszkolak.eu\/archiwum\/wp-json\/wp\/v2\/comments?post=4379"}],"version-history":[{"count":1,"href":"https:\/\/zabnica.e-przedszkolak.eu\/archiwum\/wp-json\/wp\/v2\/posts\/4379\/revisions"}],"predecessor-version":[{"id":4389,"href":"https:\/\/zabnica.e-przedszkolak.eu\/archiwum\/wp-json\/wp\/v2\/posts\/4379\/revisions\/4389"}],"wp:featuredmedia":[{"embeddable":true,"href":"https:\/\/zabnica.e-przedszkolak.eu\/archiwum\/wp-json\/wp\/v2\/media\/4388"}],"wp:attachment":[{"href":"https:\/\/zabnica.e-przedszkolak.eu\/archiwum\/wp-json\/wp\/v2\/media?parent=4379"}],"wp:term":[{"taxonomy":"category","embeddable":true,"href":"https:\/\/zabnica.e-przedszkolak.eu\/archiwum\/wp-json\/wp\/v2\/categories?post=4379"},{"taxonomy":"post_tag","embeddable":true,"href":"https:\/\/zabnica.e-przedszkolak.eu\/archiwum\/wp-json\/wp\/v2\/tags?post=4379"}],"curies":[{"name":"wp","href":"https:\/\/api.w.org\/{rel}","templated":true}]}}