 {"id":4411,"date":"2023-07-13T12:05:46","date_gmt":"2023-07-13T10:05:46","guid":{"rendered":"https:\/\/zabnica.e-przedszkolak.eu\/?p=4411"},"modified":"2023-07-13T12:06:22","modified_gmt":"2023-07-13T10:06:22","slug":"pozegnanie-przedszkolakow","status":"publish","type":"post","link":"https:\/\/zabnica.e-przedszkolak.eu\/archiwum\/2023\/07\/13\/pozegnanie-przedszkolakow\/","title":{"rendered":"Po\u017cegnanie przedszkolak\u00f3w"},"content":{"rendered":"<p style=\"text-align: justify;\">21 czerwca odby\u0142a si\u0119 w naszym przedszkolu uroczysto\u015b\u0107 zako\u0144czenia roku przedszkolnego oraz po\u017cegnania starszak\u00f3w. W uroczysto\u015bci uczestniczyli r\u00f3wnie\u017c rodzice \ud83d\ude01, kt\u00f3rzy otrzymali podzi\u0119kowania za zaanga\u017cowanie i bezinteresowne dzia\u0142ania na rzecz przedszkola\u2764\ufe0f\u2764\ufe0f\u2764\ufe0f\u2764\ufe0f.<\/p>\n<p><!--more--><\/p>\n<p>Po kr\u00f3tkim wyst\u0119pie absolwenci otrzymali dyplomy i pi\u0119kne ksi\u0105\u017ceczki.<\/p>\n<p style=\"text-align: center;\"><em>Chocia\u017c s\u0142o\u0144ce jasno \u015bwieci,<\/em><br \/>\n<em>Troch\u0119 smutne s\u0105 dzi\u015b dzieci.<\/em><br \/>\n<em>Bo koniec roku, przedszkola mija czas&#8230;<\/em><br \/>\n<em>Teraz wakacje czekaj\u0105 nas!<\/em><\/p>\nngg_shortcode_0_placeholder\n","protected":false},"excerpt":{"rendered":"<p>21 czerwca odby\u0142a si\u0119 w naszym przedszkolu uroczysto\u015b\u0107 zako\u0144czenia roku przedszkolnego oraz po\u017cegnania starszak\u00f3w. W uroczysto\u015bci uczestniczyli r\u00f3wnie\u017c rodzice \ud83d\ude01, kt\u00f3rzy otrzymali podzi\u0119kowania za zaanga\u017cowanie i bezinteresowne dzia\u0142ania na rzecz przedszkola\u2764\ufe0f\u2764\ufe0f\u2764\ufe0f\u2764\ufe0f.<\/p>\n","protected":false},"author":3,"featured_media":4421,"comment_status":"open","ping_status":"open","sticky":false,"template":"","format":"standard","meta":{"ngg_post_thumbnail":0,"footnotes":""},"categories":[1],"tags":[],"class_list":["post-4411","post","type-post","status-publish","format-standard","has-post-thumbnail","hentry","category-bez-kategorii"],"_links":{"self":[{"href":"https:\/\/zabnica.e-przedszkolak.eu\/archiwum\/wp-json\/wp\/v2\/posts\/4411","targetHints":{"allow":["GET"]}}],"collection":[{"href":"https:\/\/zabnica.e-przedszkolak.eu\/archiwum\/wp-json\/wp\/v2\/posts"}],"about":[{"href":"https:\/\/zabnica.e-przedszkolak.eu\/archiwum\/wp-json\/wp\/v2\/types\/post"}],"author":[{"embeddable":true,"href":"https:\/\/zabnica.e-przedszkolak.eu\/archiwum\/wp-json\/wp\/v2\/users\/3"}],"replies":[{"embeddable":true,"href":"https:\/\/zabnica.e-przedszkolak.eu\/archiwum\/wp-json\/wp\/v2\/comments?post=4411"}],"version-history":[{"count":3,"href":"https:\/\/zabnica.e-przedszkolak.eu\/archiwum\/wp-json\/wp\/v2\/posts\/4411\/revisions"}],"predecessor-version":[{"id":4424,"href":"https:\/\/zabnica.e-przedszkolak.eu\/archiwum\/wp-json\/wp\/v2\/posts\/4411\/revisions\/4424"}],"wp:featuredmedia":[{"embeddable":true,"href":"https:\/\/zabnica.e-przedszkolak.eu\/archiwum\/wp-json\/wp\/v2\/media\/4421"}],"wp:attachment":[{"href":"https:\/\/zabnica.e-przedszkolak.eu\/archiwum\/wp-json\/wp\/v2\/media?parent=4411"}],"wp:term":[{"taxonomy":"category","embeddable":true,"href":"https:\/\/zabnica.e-przedszkolak.eu\/archiwum\/wp-json\/wp\/v2\/categories?post=4411"},{"taxonomy":"post_tag","embeddable":true,"href":"https:\/\/zabnica.e-przedszkolak.eu\/archiwum\/wp-json\/wp\/v2\/tags?post=4411"}],"curies":[{"name":"wp","href":"https:\/\/api.w.org\/{rel}","templated":true}]}}