 {"id":4425,"date":"2023-07-13T12:09:25","date_gmt":"2023-07-13T10:09:25","guid":{"rendered":"https:\/\/zabnica.e-przedszkolak.eu\/?p=4425"},"modified":"2023-07-13T12:09:25","modified_gmt":"2023-07-13T10:09:25","slug":"smacznego-prosze-wilka","status":"publish","type":"post","link":"https:\/\/zabnica.e-przedszkolak.eu\/archiwum\/2023\/07\/13\/smacznego-prosze-wilka\/","title":{"rendered":",,Smacznego prosz\u0119 wilka&#8221;"},"content":{"rendered":"<p style=\"text-align: justify;\">W marcu nasze przedszkolaki odwiedzi\u0142y Teatr Banialuka. Ogl\u0105dn\u0119li\u015bmy bajk\u0119 pt: ,,Smacznego prosz\u0119 wilka&#8221;, kt\u00f3ra by\u0142a dla nas bardzo pouczaj\u0105ca &#8211; mimo z\u0142ych wyst\u0119pk\u00f3w wilk zmieni\u0142 swoje \u017cycie i sta\u0142 si\u0119 przyjacielem zaj\u0105czka.<!--more-->Po przedstawieniu mieli\u015bmy okazj\u0119 wzi\u0105\u0107 udzia\u0142 w warsztatach i zwiedzi\u0107 r\u00f3\u017cne zakamarki teatru, co r\u00f3wnie\u017c bardzo zaciekawi\u0142o naszych przedszkolak\u00f3w.<\/p>\nngg_shortcode_0_placeholder\n","protected":false},"excerpt":{"rendered":"<p>W marcu nasze przedszkolaki odwiedzi\u0142y Teatr Banialuka. Ogl\u0105dn\u0119li\u015bmy bajk\u0119 pt: ,,Smacznego prosz\u0119 wilka&#8221;, kt\u00f3ra by\u0142a dla nas bardzo pouczaj\u0105ca &#8211; mimo z\u0142ych wyst\u0119pk\u00f3w wilk zmieni\u0142 swoje \u017cycie i sta\u0142 si\u0119 przyjacielem zaj\u0105czka.<\/p>\n","protected":false},"author":3,"featured_media":4433,"comment_status":"open","ping_status":"open","sticky":false,"template":"","format":"standard","meta":{"ngg_post_thumbnail":0,"footnotes":""},"categories":[1],"tags":[],"class_list":["post-4425","post","type-post","status-publish","format-standard","has-post-thumbnail","hentry","category-bez-kategorii"],"_links":{"self":[{"href":"https:\/\/zabnica.e-przedszkolak.eu\/archiwum\/wp-json\/wp\/v2\/posts\/4425","targetHints":{"allow":["GET"]}}],"collection":[{"href":"https:\/\/zabnica.e-przedszkolak.eu\/archiwum\/wp-json\/wp\/v2\/posts"}],"about":[{"href":"https:\/\/zabnica.e-przedszkolak.eu\/archiwum\/wp-json\/wp\/v2\/types\/post"}],"author":[{"embeddable":true,"href":"https:\/\/zabnica.e-przedszkolak.eu\/archiwum\/wp-json\/wp\/v2\/users\/3"}],"replies":[{"embeddable":true,"href":"https:\/\/zabnica.e-przedszkolak.eu\/archiwum\/wp-json\/wp\/v2\/comments?post=4425"}],"version-history":[{"count":1,"href":"https:\/\/zabnica.e-przedszkolak.eu\/archiwum\/wp-json\/wp\/v2\/posts\/4425\/revisions"}],"predecessor-version":[{"id":4434,"href":"https:\/\/zabnica.e-przedszkolak.eu\/archiwum\/wp-json\/wp\/v2\/posts\/4425\/revisions\/4434"}],"wp:featuredmedia":[{"embeddable":true,"href":"https:\/\/zabnica.e-przedszkolak.eu\/archiwum\/wp-json\/wp\/v2\/media\/4433"}],"wp:attachment":[{"href":"https:\/\/zabnica.e-przedszkolak.eu\/archiwum\/wp-json\/wp\/v2\/media?parent=4425"}],"wp:term":[{"taxonomy":"category","embeddable":true,"href":"https:\/\/zabnica.e-przedszkolak.eu\/archiwum\/wp-json\/wp\/v2\/categories?post=4425"},{"taxonomy":"post_tag","embeddable":true,"href":"https:\/\/zabnica.e-przedszkolak.eu\/archiwum\/wp-json\/wp\/v2\/tags?post=4425"}],"curies":[{"name":"wp","href":"https:\/\/api.w.org\/{rel}","templated":true}]}}