 {"id":4453,"date":"2023-09-20T11:54:45","date_gmt":"2023-09-20T09:54:45","guid":{"rendered":"https:\/\/zabnica.e-przedszkolak.eu\/?p=4453"},"modified":"2023-09-20T11:54:45","modified_gmt":"2023-09-20T09:54:45","slug":"%f0%9f%8e%8adzien-kropki-%f0%9f%8e%8a","status":"publish","type":"post","link":"https:\/\/zabnica.e-przedszkolak.eu\/archiwum\/2023\/09\/20\/%f0%9f%8e%8adzien-kropki-%f0%9f%8e%8a\/","title":{"rendered":"\ud83c\udf8aDZIE\u0143 KROPKI \ud83c\udf8a"},"content":{"rendered":"<p style=\"text-align: justify;\">Dzisiejszy dzie\u0144 up\u0142yn\u0105\u0142 nam na wspania\u0142ej, kropkowej zabawie\ud83d\ude0a \u015bwi\u0119towali\u015bmy ten pi\u0119kny dzie\u0144 talent\u00f3w i r\u00f3\u017cnorodno\u015bci, kt\u00f3re ka\u017cdy z nas posiada, i jest przy tym tak samo wa\u017cny i wyj\u0105tkowy\u2764<!--more--><\/p>\nngg_shortcode_0_placeholder\n","protected":false},"excerpt":{"rendered":"<p>Dzisiejszy dzie\u0144 up\u0142yn\u0105\u0142 nam na wspania\u0142ej, kropkowej zabawie\ud83d\ude0a \u015bwi\u0119towali\u015bmy ten pi\u0119kny dzie\u0144 talent\u00f3w i r\u00f3\u017cnorodno\u015bci, kt\u00f3re ka\u017cdy z nas posiada, i jest przy tym tak samo wa\u017cny i wyj\u0105tkowy\u2764<\/p>\n","protected":false},"author":3,"featured_media":4463,"comment_status":"open","ping_status":"open","sticky":false,"template":"","format":"standard","meta":{"ngg_post_thumbnail":0,"footnotes":""},"categories":[1],"tags":[],"class_list":["post-4453","post","type-post","status-publish","format-standard","has-post-thumbnail","hentry","category-bez-kategorii"],"_links":{"self":[{"href":"https:\/\/zabnica.e-przedszkolak.eu\/archiwum\/wp-json\/wp\/v2\/posts\/4453","targetHints":{"allow":["GET"]}}],"collection":[{"href":"https:\/\/zabnica.e-przedszkolak.eu\/archiwum\/wp-json\/wp\/v2\/posts"}],"about":[{"href":"https:\/\/zabnica.e-przedszkolak.eu\/archiwum\/wp-json\/wp\/v2\/types\/post"}],"author":[{"embeddable":true,"href":"https:\/\/zabnica.e-przedszkolak.eu\/archiwum\/wp-json\/wp\/v2\/users\/3"}],"replies":[{"embeddable":true,"href":"https:\/\/zabnica.e-przedszkolak.eu\/archiwum\/wp-json\/wp\/v2\/comments?post=4453"}],"version-history":[{"count":1,"href":"https:\/\/zabnica.e-przedszkolak.eu\/archiwum\/wp-json\/wp\/v2\/posts\/4453\/revisions"}],"predecessor-version":[{"id":4464,"href":"https:\/\/zabnica.e-przedszkolak.eu\/archiwum\/wp-json\/wp\/v2\/posts\/4453\/revisions\/4464"}],"wp:featuredmedia":[{"embeddable":true,"href":"https:\/\/zabnica.e-przedszkolak.eu\/archiwum\/wp-json\/wp\/v2\/media\/4463"}],"wp:attachment":[{"href":"https:\/\/zabnica.e-przedszkolak.eu\/archiwum\/wp-json\/wp\/v2\/media?parent=4453"}],"wp:term":[{"taxonomy":"category","embeddable":true,"href":"https:\/\/zabnica.e-przedszkolak.eu\/archiwum\/wp-json\/wp\/v2\/categories?post=4453"},{"taxonomy":"post_tag","embeddable":true,"href":"https:\/\/zabnica.e-przedszkolak.eu\/archiwum\/wp-json\/wp\/v2\/tags?post=4453"}],"curies":[{"name":"wp","href":"https:\/\/api.w.org\/{rel}","templated":true}]}}