 {"id":4465,"date":"2023-09-21T15:01:46","date_gmt":"2023-09-21T13:01:46","guid":{"rendered":"https:\/\/zabnica.e-przedszkolak.eu\/?p=4465"},"modified":"2023-09-21T15:01:46","modified_gmt":"2023-09-21T13:01:46","slug":"dzien-przedszkolaka-%f0%9f%a5%b0%f0%9f%92%93%f0%9f%92%99","status":"publish","type":"post","link":"https:\/\/zabnica.e-przedszkolak.eu\/archiwum\/2023\/09\/21\/dzien-przedszkolaka-%f0%9f%a5%b0%f0%9f%92%93%f0%9f%92%99\/","title":{"rendered":"Dzie\u0144 Przedszkolaka \ud83e\udd70\ud83d\udc93\ud83d\udc99"},"content":{"rendered":"<p style=\"text-align: justify;\">Wczoraj obchodzili\u015bmy najwa\u017cniejsze dla nas \u015bwi\u0119to czyli Dzie\u0144 Przedszkolaka \ud83e\udd70 Ten dzie\u0144 up\u0142yn\u0105\u0142 nam na wspania\u0142ej wsp\u00f3lnej zabawie, ta\u0144cach i szale\u0144stwach w kolorowych kulkach\ud83d\ude0d a z twarzy dzieci nie schodzi\u0142y u\u015bmiechy, a to najwa\u017cniejsze \ud83d\ude0a<!--more--><\/p>\nngg_shortcode_0_placeholder\n","protected":false},"excerpt":{"rendered":"<p>Wczoraj obchodzili\u015bmy najwa\u017cniejsze dla nas \u015bwi\u0119to czyli Dzie\u0144 Przedszkolaka \ud83e\udd70 Ten dzie\u0144 up\u0142yn\u0105\u0142 nam na wspania\u0142ej wsp\u00f3lnej zabawie, ta\u0144cach i szale\u0144stwach w kolorowych kulkach\ud83d\ude0d a z twarzy dzieci nie schodzi\u0142y u\u015bmiechy, a to najwa\u017cniejsze \ud83d\ude0a<\/p>\n","protected":false},"author":3,"featured_media":4478,"comment_status":"open","ping_status":"open","sticky":false,"template":"","format":"standard","meta":{"ngg_post_thumbnail":0,"footnotes":""},"categories":[1],"tags":[],"class_list":["post-4465","post","type-post","status-publish","format-standard","has-post-thumbnail","hentry","category-bez-kategorii"],"_links":{"self":[{"href":"https:\/\/zabnica.e-przedszkolak.eu\/archiwum\/wp-json\/wp\/v2\/posts\/4465","targetHints":{"allow":["GET"]}}],"collection":[{"href":"https:\/\/zabnica.e-przedszkolak.eu\/archiwum\/wp-json\/wp\/v2\/posts"}],"about":[{"href":"https:\/\/zabnica.e-przedszkolak.eu\/archiwum\/wp-json\/wp\/v2\/types\/post"}],"author":[{"embeddable":true,"href":"https:\/\/zabnica.e-przedszkolak.eu\/archiwum\/wp-json\/wp\/v2\/users\/3"}],"replies":[{"embeddable":true,"href":"https:\/\/zabnica.e-przedszkolak.eu\/archiwum\/wp-json\/wp\/v2\/comments?post=4465"}],"version-history":[{"count":1,"href":"https:\/\/zabnica.e-przedszkolak.eu\/archiwum\/wp-json\/wp\/v2\/posts\/4465\/revisions"}],"predecessor-version":[{"id":4479,"href":"https:\/\/zabnica.e-przedszkolak.eu\/archiwum\/wp-json\/wp\/v2\/posts\/4465\/revisions\/4479"}],"wp:featuredmedia":[{"embeddable":true,"href":"https:\/\/zabnica.e-przedszkolak.eu\/archiwum\/wp-json\/wp\/v2\/media\/4478"}],"wp:attachment":[{"href":"https:\/\/zabnica.e-przedszkolak.eu\/archiwum\/wp-json\/wp\/v2\/media?parent=4465"}],"wp:term":[{"taxonomy":"category","embeddable":true,"href":"https:\/\/zabnica.e-przedszkolak.eu\/archiwum\/wp-json\/wp\/v2\/categories?post=4465"},{"taxonomy":"post_tag","embeddable":true,"href":"https:\/\/zabnica.e-przedszkolak.eu\/archiwum\/wp-json\/wp\/v2\/tags?post=4465"}],"curies":[{"name":"wp","href":"https:\/\/api.w.org\/{rel}","templated":true}]}}