 {"id":4481,"date":"2023-09-29T13:47:49","date_gmt":"2023-09-29T11:47:49","guid":{"rendered":"https:\/\/zabnica.e-przedszkolak.eu\/?p=4481"},"modified":"2023-09-29T13:47:49","modified_gmt":"2023-09-29T11:47:49","slug":"dzien-jablka","status":"publish","type":"post","link":"https:\/\/zabnica.e-przedszkolak.eu\/archiwum\/2023\/09\/29\/dzien-jablka\/","title":{"rendered":"Dzie\u0144 jablka"},"content":{"rendered":"<p style=\"text-align: justify;\">Dzisiaj, zorganizowali\u015bmy w naszym przedszkolu \u201eDzie\u0144 Jab\u0142ka\u201d. By\u0142 to wyj\u0105tkowy dzie\u0144, troch\u0119 inny ni\u017c zwykle. Dzieci poznawa\u0142y jab\u0142ka i ich odmiany. Nie oby\u0142o si\u0119, bez kszta\u0142towania poj\u0119\u0107 matematycznych z wykorzystaniem naturalnych okaz\u00f3w jab\u0142uszek. Maluchy ch\u0119tnie rozpoznawa\u0142y i okre\u015bla\u0142y kszta\u0142t, zapach, kolor, smak. <!--more-->Ponadto, wzbogaca\u0142y swoj\u0105 wiedz\u0119 z zakresu walor\u00f3w zdrowotnych, tych smacznych owoc\u00f3w, a tak\u017ce pozna\u0142y mo\u017cliwo\u015bci przetwarzania jab\u0142ek \u2013 przeciery, kompoty, konfitury, musy itp. Istot\u0105 tematyki, by\u0142o tak\u017ce zwr\u00f3cenie uwagi na spo\u017cywanie jab\u0142ek po uprzednim ich umyciu, a nawet obraniu ze sk\u00f3rki.<\/p>\n<p dir=\"ltr\" style=\"text-align: center;\"><em>Zielone, czerwone, okr\u0105g\u0142e, pachn\u0105ce<\/em><\/p>\n<p dir=\"ltr\" style=\"text-align: center;\"><em>a jako przek\u0105ska niezwykle syc\u0105ce\u2026<\/em><\/p>\n<p dir=\"ltr\" style=\"text-align: center;\"><em>Jab\u0142ko \u2013 pe\u0142ne witaminek dla ch\u0142opak\u00f3w i dziewczynek.<\/em><\/p>\n<p dir=\"ltr\" style=\"text-align: center;\"><em>Wszyscy jab\u0142ka ch\u0119tnie jemy i DZIE\u0143 JAB\u0141KA \u015bwi\u0119tujemy!!!<\/em><\/p>\nngg_shortcode_0_placeholder\n","protected":false},"excerpt":{"rendered":"<p>Dzisiaj, zorganizowali\u015bmy w naszym przedszkolu \u201eDzie\u0144 Jab\u0142ka\u201d. By\u0142 to wyj\u0105tkowy dzie\u0144, troch\u0119 inny ni\u017c zwykle. Dzieci poznawa\u0142y jab\u0142ka i ich odmiany. Nie oby\u0142o si\u0119, bez kszta\u0142towania poj\u0119\u0107 matematycznych z wykorzystaniem naturalnych okaz\u00f3w jab\u0142uszek. Maluchy ch\u0119tnie rozpoznawa\u0142y i okre\u015bla\u0142y kszta\u0142t, zapach, kolor, smak.<\/p>\n","protected":false},"author":3,"featured_media":4491,"comment_status":"open","ping_status":"open","sticky":false,"template":"","format":"standard","meta":{"ngg_post_thumbnail":0,"footnotes":""},"categories":[1],"tags":[],"class_list":["post-4481","post","type-post","status-publish","format-standard","has-post-thumbnail","hentry","category-bez-kategorii"],"_links":{"self":[{"href":"https:\/\/zabnica.e-przedszkolak.eu\/archiwum\/wp-json\/wp\/v2\/posts\/4481","targetHints":{"allow":["GET"]}}],"collection":[{"href":"https:\/\/zabnica.e-przedszkolak.eu\/archiwum\/wp-json\/wp\/v2\/posts"}],"about":[{"href":"https:\/\/zabnica.e-przedszkolak.eu\/archiwum\/wp-json\/wp\/v2\/types\/post"}],"author":[{"embeddable":true,"href":"https:\/\/zabnica.e-przedszkolak.eu\/archiwum\/wp-json\/wp\/v2\/users\/3"}],"replies":[{"embeddable":true,"href":"https:\/\/zabnica.e-przedszkolak.eu\/archiwum\/wp-json\/wp\/v2\/comments?post=4481"}],"version-history":[{"count":1,"href":"https:\/\/zabnica.e-przedszkolak.eu\/archiwum\/wp-json\/wp\/v2\/posts\/4481\/revisions"}],"predecessor-version":[{"id":4492,"href":"https:\/\/zabnica.e-przedszkolak.eu\/archiwum\/wp-json\/wp\/v2\/posts\/4481\/revisions\/4492"}],"wp:featuredmedia":[{"embeddable":true,"href":"https:\/\/zabnica.e-przedszkolak.eu\/archiwum\/wp-json\/wp\/v2\/media\/4491"}],"wp:attachment":[{"href":"https:\/\/zabnica.e-przedszkolak.eu\/archiwum\/wp-json\/wp\/v2\/media?parent=4481"}],"wp:term":[{"taxonomy":"category","embeddable":true,"href":"https:\/\/zabnica.e-przedszkolak.eu\/archiwum\/wp-json\/wp\/v2\/categories?post=4481"},{"taxonomy":"post_tag","embeddable":true,"href":"https:\/\/zabnica.e-przedszkolak.eu\/archiwum\/wp-json\/wp\/v2\/tags?post=4481"}],"curies":[{"name":"wp","href":"https:\/\/api.w.org\/{rel}","templated":true}]}}