 {"id":4507,"date":"2023-10-02T16:08:37","date_gmt":"2023-10-02T14:08:37","guid":{"rendered":"https:\/\/zabnica.e-przedszkolak.eu\/?p=4507"},"modified":"2023-10-02T16:08:37","modified_gmt":"2023-10-02T14:08:37","slug":"dzien-chlopaka-2","status":"publish","type":"post","link":"https:\/\/zabnica.e-przedszkolak.eu\/archiwum\/2023\/10\/02\/dzien-chlopaka-2\/","title":{"rendered":"Dzie\u0144 Ch\u0142opaka"},"content":{"rendered":"<p style=\"text-align: justify;\">W pi\u0105tek w przedszkolu obchodzili\u015bmy Dzie\u0144 Ch\u0142opaka\ud83d\ude01 z okazji tego \u015bwi\u0119ta wszyscy nasi ch\u0142opcy zostali obdarowani upominkami.Dzien up\u0142yn\u0105\u0142 nam na wsp\u00f3lnej zabawie&#8230;. Mamy nadziej\u0119, \u017ce tym drobnym gestem sprawili\u015bmy rado\u015b\u0107 naszym ch\u0142opcom&#8230;\ud83d\ude09<!--more--><\/p>\nngg_shortcode_0_placeholder\n","protected":false},"excerpt":{"rendered":"<p>W pi\u0105tek w przedszkolu obchodzili\u015bmy Dzie\u0144 Ch\u0142opaka\ud83d\ude01 z okazji tego \u015bwi\u0119ta wszyscy nasi ch\u0142opcy zostali obdarowani upominkami.Dzien up\u0142yn\u0105\u0142 nam na wsp\u00f3lnej zabawie&#8230;. Mamy nadziej\u0119, \u017ce tym drobnym gestem sprawili\u015bmy rado\u015b\u0107 naszym ch\u0142opcom&#8230;\ud83d\ude09<\/p>\n","protected":false},"author":3,"featured_media":4525,"comment_status":"open","ping_status":"open","sticky":false,"template":"","format":"standard","meta":{"ngg_post_thumbnail":0,"footnotes":""},"categories":[1],"tags":[],"class_list":["post-4507","post","type-post","status-publish","format-standard","has-post-thumbnail","hentry","category-bez-kategorii"],"_links":{"self":[{"href":"https:\/\/zabnica.e-przedszkolak.eu\/archiwum\/wp-json\/wp\/v2\/posts\/4507","targetHints":{"allow":["GET"]}}],"collection":[{"href":"https:\/\/zabnica.e-przedszkolak.eu\/archiwum\/wp-json\/wp\/v2\/posts"}],"about":[{"href":"https:\/\/zabnica.e-przedszkolak.eu\/archiwum\/wp-json\/wp\/v2\/types\/post"}],"author":[{"embeddable":true,"href":"https:\/\/zabnica.e-przedszkolak.eu\/archiwum\/wp-json\/wp\/v2\/users\/3"}],"replies":[{"embeddable":true,"href":"https:\/\/zabnica.e-przedszkolak.eu\/archiwum\/wp-json\/wp\/v2\/comments?post=4507"}],"version-history":[{"count":1,"href":"https:\/\/zabnica.e-przedszkolak.eu\/archiwum\/wp-json\/wp\/v2\/posts\/4507\/revisions"}],"predecessor-version":[{"id":4526,"href":"https:\/\/zabnica.e-przedszkolak.eu\/archiwum\/wp-json\/wp\/v2\/posts\/4507\/revisions\/4526"}],"wp:featuredmedia":[{"embeddable":true,"href":"https:\/\/zabnica.e-przedszkolak.eu\/archiwum\/wp-json\/wp\/v2\/media\/4525"}],"wp:attachment":[{"href":"https:\/\/zabnica.e-przedszkolak.eu\/archiwum\/wp-json\/wp\/v2\/media?parent=4507"}],"wp:term":[{"taxonomy":"category","embeddable":true,"href":"https:\/\/zabnica.e-przedszkolak.eu\/archiwum\/wp-json\/wp\/v2\/categories?post=4507"},{"taxonomy":"post_tag","embeddable":true,"href":"https:\/\/zabnica.e-przedszkolak.eu\/archiwum\/wp-json\/wp\/v2\/tags?post=4507"}],"curies":[{"name":"wp","href":"https:\/\/api.w.org\/{rel}","templated":true}]}}