 {"id":4527,"date":"2023-10-05T12:29:58","date_gmt":"2023-10-05T10:29:58","guid":{"rendered":"https:\/\/zabnica.e-przedszkolak.eu\/?p=4527"},"modified":"2023-10-05T12:29:58","modified_gmt":"2023-10-05T10:29:58","slug":"wycieczka-do-zywieckiego-parku-%f0%9f%8d%81%f0%9f%8d%82%f0%9f%8d%83","status":"publish","type":"post","link":"https:\/\/zabnica.e-przedszkolak.eu\/archiwum\/2023\/10\/05\/wycieczka-do-zywieckiego-parku-%f0%9f%8d%81%f0%9f%8d%82%f0%9f%8d%83\/","title":{"rendered":"Wycieczka do \u017bywieckiego Parku \ud83c\udf41\ud83c\udf42\ud83c\udf43"},"content":{"rendered":"<p style=\"text-align: justify;\">We wtorek wykorzystuj\u0105c pi\u0119kn\u0105 pogod\u0119 i uroki jesieni nasze przedszkolaki uda\u0142y si\u0119 do parku na wycieczk\u0119. Park odkry\u0142 przed nami swe pi\u0119kno. Bacznie przygl\u0105dali\u015bmy si\u0119 przyrodzie: korze drzew, li\u015bciom, rozmawiali\u015bmy o zwierz\u0119tach i ptakach \u017cyj\u0105cych w parku.&nbsp; Spotkali\u015bmy wiewi\u00f3rk\u0119\ud83d\udc3f, kaczki\ud83e\udd86 oraz \u0142ab\u0119dzie\ud83e\udda2.<!--more-->Najwi\u0119cej rado\u015bci sprawi\u0142o dzieciom zbieranie \u017co\u0142\u0119dzi i kasztan\u00f3w, kt\u00f3rymi przyozdobili\u015bmy nasz k\u0105cik przyrody. Zadowoleni, wr\u00f3cili\u015bmy do naszego przedszkola. Ju\u017c nie mo\u017cemy doczeka\u0107 si\u0119 nast\u0119pnej wycieczki.\ud83d\ude01<\/p>\n<p>&nbsp;<\/p>\nngg_shortcode_0_placeholder\n","protected":false},"excerpt":{"rendered":"<p>We wtorek wykorzystuj\u0105c pi\u0119kn\u0105 pogod\u0119 i uroki jesieni nasze przedszkolaki uda\u0142y si\u0119 do parku na wycieczk\u0119. Park odkry\u0142 przed nami swe pi\u0119kno. Bacznie przygl\u0105dali\u015bmy si\u0119 przyrodzie: korze drzew, li\u015bciom, rozmawiali\u015bmy o zwierz\u0119tach i ptakach \u017cyj\u0105cych w parku.&nbsp; Spotkali\u015bmy wiewi\u00f3rk\u0119\ud83d\udc3f, kaczki\ud83e\udd86 oraz \u0142ab\u0119dzie\ud83e\udda2.<\/p>\n","protected":false},"author":3,"featured_media":4539,"comment_status":"open","ping_status":"open","sticky":false,"template":"","format":"standard","meta":{"ngg_post_thumbnail":0,"footnotes":""},"categories":[1],"tags":[],"class_list":["post-4527","post","type-post","status-publish","format-standard","has-post-thumbnail","hentry","category-bez-kategorii"],"_links":{"self":[{"href":"https:\/\/zabnica.e-przedszkolak.eu\/archiwum\/wp-json\/wp\/v2\/posts\/4527","targetHints":{"allow":["GET"]}}],"collection":[{"href":"https:\/\/zabnica.e-przedszkolak.eu\/archiwum\/wp-json\/wp\/v2\/posts"}],"about":[{"href":"https:\/\/zabnica.e-przedszkolak.eu\/archiwum\/wp-json\/wp\/v2\/types\/post"}],"author":[{"embeddable":true,"href":"https:\/\/zabnica.e-przedszkolak.eu\/archiwum\/wp-json\/wp\/v2\/users\/3"}],"replies":[{"embeddable":true,"href":"https:\/\/zabnica.e-przedszkolak.eu\/archiwum\/wp-json\/wp\/v2\/comments?post=4527"}],"version-history":[{"count":1,"href":"https:\/\/zabnica.e-przedszkolak.eu\/archiwum\/wp-json\/wp\/v2\/posts\/4527\/revisions"}],"predecessor-version":[{"id":4540,"href":"https:\/\/zabnica.e-przedszkolak.eu\/archiwum\/wp-json\/wp\/v2\/posts\/4527\/revisions\/4540"}],"wp:featuredmedia":[{"embeddable":true,"href":"https:\/\/zabnica.e-przedszkolak.eu\/archiwum\/wp-json\/wp\/v2\/media\/4539"}],"wp:attachment":[{"href":"https:\/\/zabnica.e-przedszkolak.eu\/archiwum\/wp-json\/wp\/v2\/media?parent=4527"}],"wp:term":[{"taxonomy":"category","embeddable":true,"href":"https:\/\/zabnica.e-przedszkolak.eu\/archiwum\/wp-json\/wp\/v2\/categories?post=4527"},{"taxonomy":"post_tag","embeddable":true,"href":"https:\/\/zabnica.e-przedszkolak.eu\/archiwum\/wp-json\/wp\/v2\/tags?post=4527"}],"curies":[{"name":"wp","href":"https:\/\/api.w.org\/{rel}","templated":true}]}}