 {"id":4542,"date":"2023-11-13T11:50:35","date_gmt":"2023-11-13T10:50:35","guid":{"rendered":"https:\/\/zabnica.e-przedszkolak.eu\/?p=4542"},"modified":"2023-11-13T11:50:35","modified_gmt":"2023-11-13T10:50:35","slug":"wycieczka-do-piekarni-%f0%9f%a5%90%f0%9f%a5%a8%f0%9f%a5%96","status":"publish","type":"post","link":"https:\/\/zabnica.e-przedszkolak.eu\/archiwum\/2023\/11\/13\/wycieczka-do-piekarni-%f0%9f%a5%90%f0%9f%a5%a8%f0%9f%a5%96\/","title":{"rendered":"Wycieczka do Piekarni \ud83e\udd50\ud83e\udd68\ud83e\udd56"},"content":{"rendered":"<p style=\"text-align: justify;\">Ostatnio nasze starszaki wybra\u0142y si\u0119 na wycieczk\u0119 do Piekarni GS w W\u0119gierskiej G\u00f3rce. Dzi\u0119ki panu kierownikowi oraz innym pracownikom piekarni mogli\u015bmy pozna\u0107 proces pieczenia chleba oraz z bliska przygl\u0105dn\u0105\u0107 si\u0119 pracy piekarzy.<!--more--><\/p>\n<p style=\"text-align: justify;\">Zapach pieczonego chleba i bu\u0142eczk unosz\u0105cy si\u0119 w piekarni sprawi\u0142, \u017ce ci\u0119\u017cko by\u0142o si\u0119 powstrzyma\u0107 przed skosztowaniem tych pyszno\u015bci \ud83d\ude0b na szcz\u0119\u015bcie dzi\u0119ki uprzejmo\u015bci piekarzy dzieci spr\u00f3bowa\u0142y pysznych p\u0105czk\u00f3w \ud83e\udd70\ud83e\udd6f Jeszcze bardzo serdecznie dzi\u0119kujemy za mo\u017cliwo\u015b\u0107 odwiedzenia piekarni.<br \/>\nPo zjedzeniu p\u0105czk\u00f3w przedszkolaki odwiedzi\u0142y Fort W\u0119drowiec i przespacerowa\u0142y si\u0119 w stron\u0119 Bac\u00f3wki na Bukowinie, co dla niekt\u00f3rych by\u0142o niema\u0142ym wyzwaniem.&nbsp;<\/p>\n<p>&nbsp;<\/p>\nngg_shortcode_0_placeholder\n","protected":false},"excerpt":{"rendered":"<p>Ostatnio nasze starszaki wybra\u0142y si\u0119 na wycieczk\u0119 do Piekarni GS w W\u0119gierskiej G\u00f3rce. Dzi\u0119ki panu kierownikowi oraz innym pracownikom piekarni mogli\u015bmy pozna\u0107 proces pieczenia chleba oraz z bliska przygl\u0105dn\u0105\u0107 si\u0119 pracy piekarzy.<\/p>\n","protected":false},"author":3,"featured_media":4565,"comment_status":"open","ping_status":"open","sticky":false,"template":"","format":"standard","meta":{"ngg_post_thumbnail":0,"footnotes":""},"categories":[1],"tags":[],"class_list":["post-4542","post","type-post","status-publish","format-standard","has-post-thumbnail","hentry","category-bez-kategorii"],"_links":{"self":[{"href":"https:\/\/zabnica.e-przedszkolak.eu\/archiwum\/wp-json\/wp\/v2\/posts\/4542","targetHints":{"allow":["GET"]}}],"collection":[{"href":"https:\/\/zabnica.e-przedszkolak.eu\/archiwum\/wp-json\/wp\/v2\/posts"}],"about":[{"href":"https:\/\/zabnica.e-przedszkolak.eu\/archiwum\/wp-json\/wp\/v2\/types\/post"}],"author":[{"embeddable":true,"href":"https:\/\/zabnica.e-przedszkolak.eu\/archiwum\/wp-json\/wp\/v2\/users\/3"}],"replies":[{"embeddable":true,"href":"https:\/\/zabnica.e-przedszkolak.eu\/archiwum\/wp-json\/wp\/v2\/comments?post=4542"}],"version-history":[{"count":1,"href":"https:\/\/zabnica.e-przedszkolak.eu\/archiwum\/wp-json\/wp\/v2\/posts\/4542\/revisions"}],"predecessor-version":[{"id":4566,"href":"https:\/\/zabnica.e-przedszkolak.eu\/archiwum\/wp-json\/wp\/v2\/posts\/4542\/revisions\/4566"}],"wp:featuredmedia":[{"embeddable":true,"href":"https:\/\/zabnica.e-przedszkolak.eu\/archiwum\/wp-json\/wp\/v2\/media\/4565"}],"wp:attachment":[{"href":"https:\/\/zabnica.e-przedszkolak.eu\/archiwum\/wp-json\/wp\/v2\/media?parent=4542"}],"wp:term":[{"taxonomy":"category","embeddable":true,"href":"https:\/\/zabnica.e-przedszkolak.eu\/archiwum\/wp-json\/wp\/v2\/categories?post=4542"},{"taxonomy":"post_tag","embeddable":true,"href":"https:\/\/zabnica.e-przedszkolak.eu\/archiwum\/wp-json\/wp\/v2\/tags?post=4542"}],"curies":[{"name":"wp","href":"https:\/\/api.w.org\/{rel}","templated":true}]}}