 {"id":4567,"date":"2023-11-13T11:55:49","date_gmt":"2023-11-13T10:55:49","guid":{"rendered":"https:\/\/zabnica.e-przedszkolak.eu\/?p=4567"},"modified":"2023-11-13T11:55:49","modified_gmt":"2023-11-13T10:55:49","slug":"olimpiada-przedszkolakow-2","status":"publish","type":"post","link":"https:\/\/zabnica.e-przedszkolak.eu\/archiwum\/2023\/11\/13\/olimpiada-przedszkolakow-2\/","title":{"rendered":"Olimpiada przedszkolak\u00f3w"},"content":{"rendered":"<p style=\"text-align: justify;\">Bardzo serdecznie gratulujemy naszym przedszkolakom, \u017ce tak wspaniale reprezentowali nasze przedszkole na tegorocznej Olimpiadzie Przedszkolak\u00f3w. \ud83e\udd47\ud83c\udfc6 Rodzicom dzi\u0119kujemy za doping i zaanga\u017cowanie. Jak zawsze mo\u017cemy na Was liczy\u0107 \ud83e\udd70<!--more--><\/p>\n<p>&nbsp;<\/p>\nngg_shortcode_0_placeholder\n","protected":false},"excerpt":{"rendered":"<p>Bardzo serdecznie gratulujemy naszym przedszkolakom, \u017ce tak wspaniale reprezentowali nasze przedszkole na tegorocznej Olimpiadzie Przedszkolak\u00f3w. \ud83e\udd47\ud83c\udfc6 Rodzicom dzi\u0119kujemy za doping i zaanga\u017cowanie. Jak zawsze mo\u017cemy na Was liczy\u0107 \ud83e\udd70<\/p>\n","protected":false},"author":3,"featured_media":4579,"comment_status":"open","ping_status":"open","sticky":false,"template":"","format":"standard","meta":{"ngg_post_thumbnail":0,"footnotes":""},"categories":[1],"tags":[],"class_list":["post-4567","post","type-post","status-publish","format-standard","has-post-thumbnail","hentry","category-bez-kategorii"],"_links":{"self":[{"href":"https:\/\/zabnica.e-przedszkolak.eu\/archiwum\/wp-json\/wp\/v2\/posts\/4567","targetHints":{"allow":["GET"]}}],"collection":[{"href":"https:\/\/zabnica.e-przedszkolak.eu\/archiwum\/wp-json\/wp\/v2\/posts"}],"about":[{"href":"https:\/\/zabnica.e-przedszkolak.eu\/archiwum\/wp-json\/wp\/v2\/types\/post"}],"author":[{"embeddable":true,"href":"https:\/\/zabnica.e-przedszkolak.eu\/archiwum\/wp-json\/wp\/v2\/users\/3"}],"replies":[{"embeddable":true,"href":"https:\/\/zabnica.e-przedszkolak.eu\/archiwum\/wp-json\/wp\/v2\/comments?post=4567"}],"version-history":[{"count":1,"href":"https:\/\/zabnica.e-przedszkolak.eu\/archiwum\/wp-json\/wp\/v2\/posts\/4567\/revisions"}],"predecessor-version":[{"id":4580,"href":"https:\/\/zabnica.e-przedszkolak.eu\/archiwum\/wp-json\/wp\/v2\/posts\/4567\/revisions\/4580"}],"wp:featuredmedia":[{"embeddable":true,"href":"https:\/\/zabnica.e-przedszkolak.eu\/archiwum\/wp-json\/wp\/v2\/media\/4579"}],"wp:attachment":[{"href":"https:\/\/zabnica.e-przedszkolak.eu\/archiwum\/wp-json\/wp\/v2\/media?parent=4567"}],"wp:term":[{"taxonomy":"category","embeddable":true,"href":"https:\/\/zabnica.e-przedszkolak.eu\/archiwum\/wp-json\/wp\/v2\/categories?post=4567"},{"taxonomy":"post_tag","embeddable":true,"href":"https:\/\/zabnica.e-przedszkolak.eu\/archiwum\/wp-json\/wp\/v2\/tags?post=4567"}],"curies":[{"name":"wp","href":"https:\/\/api.w.org\/{rel}","templated":true}]}}