 {"id":4581,"date":"2023-11-13T17:22:53","date_gmt":"2023-11-13T16:22:53","guid":{"rendered":"https:\/\/zabnica.e-przedszkolak.eu\/?p=4581"},"modified":"2023-11-13T17:22:53","modified_gmt":"2023-11-13T16:22:53","slug":"dzien-pizamy","status":"publish","type":"post","link":"https:\/\/zabnica.e-przedszkolak.eu\/archiwum\/2023\/11\/13\/dzien-pizamy\/","title":{"rendered":"Dzie\u0144 pi\u017camy"},"content":{"rendered":"<p style=\"text-align: justify;\">Ostatnio nasze przedszkole wzi\u0119\u0142o udzia\u0142 w og\u00f3lnopolskiej akcji charytatywnej pod has\u0142em &#8222;Dzie\u0144 Pi\u017camy&#8221;. Pomys\u0142odawc\u0105 dzia\u0142ania jest Fundacja&nbsp; ,,Gdy liczy si\u0119 Czas&#8221;, kt\u00f3ra zajmuje si\u0119 pomoc\u0105 dzieciom z Oddzia\u0142u Onkologicznego w Uniwersyteckim Szpitalu Dzieci\u0119cy w Lublinie.<br \/>\nW tym dniu nasze przedszkolaki za\u0142o\u017cy\u0142y do przedszkola &#8211; pi\u017camy, na znak solidarno\u015bci z chorymi dzie\u0107mi, kt\u00f3re zamiast w przedszkolach czy szko\u0142ach zmuszone s\u0105 le\u017ce\u0107 w szpitalach.<!--more--><\/p>\n<p style=\"text-align: justify;\">Bardzo dzi\u0119kujemy rodzicom za zaanga\u017cowanie i wsparcie finansowe chorych dzieci. Pieni\u0105\u017cki zebrane przez dzieci zostan\u0105 przelane na konto fundacji\u2764\u2764\u2764\u2764<\/p>\nngg_shortcode_0_placeholder\n","protected":false},"excerpt":{"rendered":"<p>Ostatnio nasze przedszkole wzi\u0119\u0142o udzia\u0142 w og\u00f3lnopolskiej akcji charytatywnej pod has\u0142em &#8222;Dzie\u0144 Pi\u017camy&#8221;. Pomys\u0142odawc\u0105 dzia\u0142ania jest Fundacja&nbsp; ,,Gdy liczy si\u0119 Czas&#8221;, kt\u00f3ra zajmuje si\u0119 pomoc\u0105 dzieciom z Oddzia\u0142u Onkologicznego w Uniwersyteckim Szpitalu Dzieci\u0119cy w Lublinie. W tym dniu nasze przedszkolaki za\u0142o\u017cy\u0142y do przedszkola &#8211; pi\u017camy, na znak solidarno\u015bci z chorymi dzie\u0107mi, kt\u00f3re zamiast w przedszkolach [&hellip;]<\/p>\n","protected":false},"author":3,"featured_media":4602,"comment_status":"open","ping_status":"open","sticky":false,"template":"","format":"standard","meta":{"ngg_post_thumbnail":0,"footnotes":""},"categories":[1],"tags":[],"class_list":["post-4581","post","type-post","status-publish","format-standard","has-post-thumbnail","hentry","category-bez-kategorii"],"_links":{"self":[{"href":"https:\/\/zabnica.e-przedszkolak.eu\/archiwum\/wp-json\/wp\/v2\/posts\/4581","targetHints":{"allow":["GET"]}}],"collection":[{"href":"https:\/\/zabnica.e-przedszkolak.eu\/archiwum\/wp-json\/wp\/v2\/posts"}],"about":[{"href":"https:\/\/zabnica.e-przedszkolak.eu\/archiwum\/wp-json\/wp\/v2\/types\/post"}],"author":[{"embeddable":true,"href":"https:\/\/zabnica.e-przedszkolak.eu\/archiwum\/wp-json\/wp\/v2\/users\/3"}],"replies":[{"embeddable":true,"href":"https:\/\/zabnica.e-przedszkolak.eu\/archiwum\/wp-json\/wp\/v2\/comments?post=4581"}],"version-history":[{"count":1,"href":"https:\/\/zabnica.e-przedszkolak.eu\/archiwum\/wp-json\/wp\/v2\/posts\/4581\/revisions"}],"predecessor-version":[{"id":4603,"href":"https:\/\/zabnica.e-przedszkolak.eu\/archiwum\/wp-json\/wp\/v2\/posts\/4581\/revisions\/4603"}],"wp:featuredmedia":[{"embeddable":true,"href":"https:\/\/zabnica.e-przedszkolak.eu\/archiwum\/wp-json\/wp\/v2\/media\/4602"}],"wp:attachment":[{"href":"https:\/\/zabnica.e-przedszkolak.eu\/archiwum\/wp-json\/wp\/v2\/media?parent=4581"}],"wp:term":[{"taxonomy":"category","embeddable":true,"href":"https:\/\/zabnica.e-przedszkolak.eu\/archiwum\/wp-json\/wp\/v2\/categories?post=4581"},{"taxonomy":"post_tag","embeddable":true,"href":"https:\/\/zabnica.e-przedszkolak.eu\/archiwum\/wp-json\/wp\/v2\/tags?post=4581"}],"curies":[{"name":"wp","href":"https:\/\/api.w.org\/{rel}","templated":true}]}}