 {"id":4632,"date":"2023-11-13T17:31:45","date_gmt":"2023-11-13T16:31:45","guid":{"rendered":"https:\/\/zabnica.e-przedszkolak.eu\/?p=4632"},"modified":"2023-11-13T17:31:45","modified_gmt":"2023-11-13T16:31:45","slug":"swieto-11-listopada","status":"publish","type":"post","link":"https:\/\/zabnica.e-przedszkolak.eu\/archiwum\/2023\/11\/13\/swieto-11-listopada\/","title":{"rendered":"\u015awi\u0119to 11 listopada"},"content":{"rendered":"<p style=\"text-align: justify;\">Przedszkolaki pami\u0119taj\u0105 o \u015awi\u0119cie Niepodleg\u0142o\u015bci &#8211; z tej okazji ca\u0142ym przedszkolem od\u015bpiewali\u015bmy hymn Polski. Straszki wys\u0142ucha\u0142y kilka fakt\u00f3w historycznych na temat naszego pa\u0144stwa oraz zapali\u0142y znicze pod Pomnikiem Partyzant\u00f3w w \u017babnicy, aby upami\u0119tni\u0107 tych, kt\u00f3rzy polegli walcz\u0105c w obronie naszej miejscowo\u015bci. Musimy pami\u0119ta\u0107 o tych, kt\u00f3rzy walczyli, a nast\u0119pnie bronili niepodleg\u0142o\u015bci naszej polskiej ziemi. \ud83c\uddf5\ud83c\uddf1\u2764<!--more--><\/p>\n<p style=\"text-align: center;\"><em>,,Jest takie miejsce na mapie \u015bwiata- Polska!<\/em><br \/>\n<em>To moje miejsce, tutaj mocniej bije mi serce! &#8222;<\/em><\/p>\nngg_shortcode_0_placeholder\n","protected":false},"excerpt":{"rendered":"<p>Przedszkolaki pami\u0119taj\u0105 o \u015awi\u0119cie Niepodleg\u0142o\u015bci &#8211; z tej okazji ca\u0142ym przedszkolem od\u015bpiewali\u015bmy hymn Polski. Straszki wys\u0142ucha\u0142y kilka fakt\u00f3w historycznych na temat naszego pa\u0144stwa oraz zapali\u0142y znicze pod Pomnikiem Partyzant\u00f3w w \u017babnicy, aby upami\u0119tni\u0107 tych, kt\u00f3rzy polegli walcz\u0105c w obronie naszej miejscowo\u015bci. Musimy pami\u0119ta\u0107 o tych, kt\u00f3rzy walczyli, a nast\u0119pnie bronili niepodleg\u0142o\u015bci naszej polskiej ziemi. \ud83c\uddf5\ud83c\uddf1\u2764<\/p>\n","protected":false},"author":3,"featured_media":4645,"comment_status":"open","ping_status":"open","sticky":false,"template":"","format":"standard","meta":{"ngg_post_thumbnail":0,"footnotes":""},"categories":[1],"tags":[],"class_list":["post-4632","post","type-post","status-publish","format-standard","has-post-thumbnail","hentry","category-bez-kategorii"],"_links":{"self":[{"href":"https:\/\/zabnica.e-przedszkolak.eu\/archiwum\/wp-json\/wp\/v2\/posts\/4632","targetHints":{"allow":["GET"]}}],"collection":[{"href":"https:\/\/zabnica.e-przedszkolak.eu\/archiwum\/wp-json\/wp\/v2\/posts"}],"about":[{"href":"https:\/\/zabnica.e-przedszkolak.eu\/archiwum\/wp-json\/wp\/v2\/types\/post"}],"author":[{"embeddable":true,"href":"https:\/\/zabnica.e-przedszkolak.eu\/archiwum\/wp-json\/wp\/v2\/users\/3"}],"replies":[{"embeddable":true,"href":"https:\/\/zabnica.e-przedszkolak.eu\/archiwum\/wp-json\/wp\/v2\/comments?post=4632"}],"version-history":[{"count":1,"href":"https:\/\/zabnica.e-przedszkolak.eu\/archiwum\/wp-json\/wp\/v2\/posts\/4632\/revisions"}],"predecessor-version":[{"id":4646,"href":"https:\/\/zabnica.e-przedszkolak.eu\/archiwum\/wp-json\/wp\/v2\/posts\/4632\/revisions\/4646"}],"wp:featuredmedia":[{"embeddable":true,"href":"https:\/\/zabnica.e-przedszkolak.eu\/archiwum\/wp-json\/wp\/v2\/media\/4645"}],"wp:attachment":[{"href":"https:\/\/zabnica.e-przedszkolak.eu\/archiwum\/wp-json\/wp\/v2\/media?parent=4632"}],"wp:term":[{"taxonomy":"category","embeddable":true,"href":"https:\/\/zabnica.e-przedszkolak.eu\/archiwum\/wp-json\/wp\/v2\/categories?post=4632"},{"taxonomy":"post_tag","embeddable":true,"href":"https:\/\/zabnica.e-przedszkolak.eu\/archiwum\/wp-json\/wp\/v2\/tags?post=4632"}],"curies":[{"name":"wp","href":"https:\/\/api.w.org\/{rel}","templated":true}]}}