 {"id":4660,"date":"2023-12-11T22:24:40","date_gmt":"2023-12-11T21:24:40","guid":{"rendered":"https:\/\/zabnica.e-przedszkolak.eu\/?p=4660"},"modified":"2023-12-11T22:24:40","modified_gmt":"2023-12-11T21:24:40","slug":"pasowanie-na-przedszkolaka-2","status":"publish","type":"post","link":"https:\/\/zabnica.e-przedszkolak.eu\/archiwum\/2023\/12\/11\/pasowanie-na-przedszkolaka-2\/","title":{"rendered":"Pasowanie na przedszkolaka"},"content":{"rendered":"<p style=\"text-align: justify;\">Ostatnio odby\u0142a si\u0119 w naszym przedszkolu wa\u017cna Uroczysto\u015b\u0107 dla dzieci, kt\u00f3re po raz pierwszy w tym roku szkolnym zawita\u0142y do naszego przedszkola &#8211; PASOWANIE!!! Uroczysto\u015b\u0107 rozpocz\u0119\u0142a si\u0119 od powitania go\u015bci i przedstawienia kr\u00f3tkiej cz\u0119\u015bci artystycznej. By\u0142y wi\u0119c, wierszyki, piosenki, zabawy ruchowe i ta\u0144ce.<!--more--><\/p>\n<p dir=\"ltr\" style=\"text-align: justify;\">Po cz\u0119\u015bci artystycznej, dzieci obieca\u0142y: zgodnie bawi\u0107 si\u0119 w przedszkolu przychodzi\u0107 ka\u017cdego dnia z u\u015bmiechem, s\u0142ucha\u0107 pani i pomaga\u0107 kolegom, by\u0107 dzielnym przedszkolakiem.<\/p>\n<p dir=\"ltr\" style=\"text-align: justify;\">Po z\u0142o\u017conej obietnicy, pani dyrektor dokona\u0142a uroczystego pasowania ka\u017cdego dziecka na przedszkolaka.<\/p>\n<p dir=\"ltr\" style=\"text-align: justify;\">Na pami\u0105tk\u0119 tego wa\u017cnego wydarzenia ka\u017cdy przedszkolak otrzyma\u0142 dyplom i upominek.<br \/>\nBardzo dzi\u0119kujemy naszym kochanym rodzicom za pomoc w przygotowaniu dzisiejszej uroczysto\u015bci\ud83d\ude18\ud83d\ude18\ud83d\ude18<\/p>\n<p dir=\"ltr\">&nbsp;<\/p>\nngg_shortcode_0_placeholder\n","protected":false},"excerpt":{"rendered":"<p>Ostatnio odby\u0142a si\u0119 w naszym przedszkolu wa\u017cna Uroczysto\u015b\u0107 dla dzieci, kt\u00f3re po raz pierwszy w tym roku szkolnym zawita\u0142y do naszego przedszkola &#8211; PASOWANIE!!! Uroczysto\u015b\u0107 rozpocz\u0119\u0142a si\u0119 od powitania go\u015bci i przedstawienia kr\u00f3tkiej cz\u0119\u015bci artystycznej. By\u0142y wi\u0119c, wierszyki, piosenki, zabawy ruchowe i ta\u0144ce.<\/p>\n","protected":false},"author":3,"featured_media":4680,"comment_status":"open","ping_status":"open","sticky":false,"template":"","format":"standard","meta":{"ngg_post_thumbnail":0,"footnotes":""},"categories":[1],"tags":[],"class_list":["post-4660","post","type-post","status-publish","format-standard","has-post-thumbnail","hentry","category-bez-kategorii"],"_links":{"self":[{"href":"https:\/\/zabnica.e-przedszkolak.eu\/archiwum\/wp-json\/wp\/v2\/posts\/4660","targetHints":{"allow":["GET"]}}],"collection":[{"href":"https:\/\/zabnica.e-przedszkolak.eu\/archiwum\/wp-json\/wp\/v2\/posts"}],"about":[{"href":"https:\/\/zabnica.e-przedszkolak.eu\/archiwum\/wp-json\/wp\/v2\/types\/post"}],"author":[{"embeddable":true,"href":"https:\/\/zabnica.e-przedszkolak.eu\/archiwum\/wp-json\/wp\/v2\/users\/3"}],"replies":[{"embeddable":true,"href":"https:\/\/zabnica.e-przedszkolak.eu\/archiwum\/wp-json\/wp\/v2\/comments?post=4660"}],"version-history":[{"count":1,"href":"https:\/\/zabnica.e-przedszkolak.eu\/archiwum\/wp-json\/wp\/v2\/posts\/4660\/revisions"}],"predecessor-version":[{"id":4681,"href":"https:\/\/zabnica.e-przedszkolak.eu\/archiwum\/wp-json\/wp\/v2\/posts\/4660\/revisions\/4681"}],"wp:featuredmedia":[{"embeddable":true,"href":"https:\/\/zabnica.e-przedszkolak.eu\/archiwum\/wp-json\/wp\/v2\/media\/4680"}],"wp:attachment":[{"href":"https:\/\/zabnica.e-przedszkolak.eu\/archiwum\/wp-json\/wp\/v2\/media?parent=4660"}],"wp:term":[{"taxonomy":"category","embeddable":true,"href":"https:\/\/zabnica.e-przedszkolak.eu\/archiwum\/wp-json\/wp\/v2\/categories?post=4660"},{"taxonomy":"post_tag","embeddable":true,"href":"https:\/\/zabnica.e-przedszkolak.eu\/archiwum\/wp-json\/wp\/v2\/tags?post=4660"}],"curies":[{"name":"wp","href":"https:\/\/api.w.org\/{rel}","templated":true}]}}