 {"id":4682,"date":"2023-12-11T22:30:41","date_gmt":"2023-12-11T21:30:41","guid":{"rendered":"https:\/\/zabnica.e-przedszkolak.eu\/?p=4682"},"modified":"2023-12-11T22:30:41","modified_gmt":"2023-12-11T21:30:41","slug":"dzien-pluszowego-misia-3","status":"publish","type":"post","link":"https:\/\/zabnica.e-przedszkolak.eu\/archiwum\/2023\/12\/11\/dzien-pluszowego-misia-3\/","title":{"rendered":"Dzie\u0144 pluszowego misia"},"content":{"rendered":"<p style=\"text-align: justify;\">Jak co roku w listopadzie obchodzili\u015bmy Dzie\u0144 Pluszowego Misia. By\u0142y ta\u0144ce, r\u00f3\u017cne zabawy, kolorowali\u015bmy, lepili\u015bmy, fajnie si\u0119 bawili\u015bmy\ud83d\ude0a a na koniec dzieciaczki zmieni\u0142y si\u0119 w Misia Paddingtona. \ud83d\udc3b<!--more--><\/p>\nngg_shortcode_0_placeholder\n","protected":false},"excerpt":{"rendered":"<p>Jak co roku w listopadzie obchodzili\u015bmy Dzie\u0144 Pluszowego Misia. By\u0142y ta\u0144ce, r\u00f3\u017cne zabawy, kolorowali\u015bmy, lepili\u015bmy, fajnie si\u0119 bawili\u015bmy\ud83d\ude0a a na koniec dzieciaczki zmieni\u0142y si\u0119 w Misia Paddingtona. \ud83d\udc3b<\/p>\n","protected":false},"author":3,"featured_media":4689,"comment_status":"open","ping_status":"open","sticky":false,"template":"","format":"standard","meta":{"ngg_post_thumbnail":0,"footnotes":""},"categories":[1],"tags":[],"class_list":["post-4682","post","type-post","status-publish","format-standard","has-post-thumbnail","hentry","category-bez-kategorii"],"_links":{"self":[{"href":"https:\/\/zabnica.e-przedszkolak.eu\/archiwum\/wp-json\/wp\/v2\/posts\/4682","targetHints":{"allow":["GET"]}}],"collection":[{"href":"https:\/\/zabnica.e-przedszkolak.eu\/archiwum\/wp-json\/wp\/v2\/posts"}],"about":[{"href":"https:\/\/zabnica.e-przedszkolak.eu\/archiwum\/wp-json\/wp\/v2\/types\/post"}],"author":[{"embeddable":true,"href":"https:\/\/zabnica.e-przedszkolak.eu\/archiwum\/wp-json\/wp\/v2\/users\/3"}],"replies":[{"embeddable":true,"href":"https:\/\/zabnica.e-przedszkolak.eu\/archiwum\/wp-json\/wp\/v2\/comments?post=4682"}],"version-history":[{"count":1,"href":"https:\/\/zabnica.e-przedszkolak.eu\/archiwum\/wp-json\/wp\/v2\/posts\/4682\/revisions"}],"predecessor-version":[{"id":4690,"href":"https:\/\/zabnica.e-przedszkolak.eu\/archiwum\/wp-json\/wp\/v2\/posts\/4682\/revisions\/4690"}],"wp:featuredmedia":[{"embeddable":true,"href":"https:\/\/zabnica.e-przedszkolak.eu\/archiwum\/wp-json\/wp\/v2\/media\/4689"}],"wp:attachment":[{"href":"https:\/\/zabnica.e-przedszkolak.eu\/archiwum\/wp-json\/wp\/v2\/media?parent=4682"}],"wp:term":[{"taxonomy":"category","embeddable":true,"href":"https:\/\/zabnica.e-przedszkolak.eu\/archiwum\/wp-json\/wp\/v2\/categories?post=4682"},{"taxonomy":"post_tag","embeddable":true,"href":"https:\/\/zabnica.e-przedszkolak.eu\/archiwum\/wp-json\/wp\/v2\/tags?post=4682"}],"curies":[{"name":"wp","href":"https:\/\/api.w.org\/{rel}","templated":true}]}}