 {"id":4691,"date":"2023-12-11T22:35:41","date_gmt":"2023-12-11T21:35:41","guid":{"rendered":"https:\/\/zabnica.e-przedszkolak.eu\/?p=4691"},"modified":"2023-12-11T22:35:41","modified_gmt":"2023-12-11T21:35:41","slug":"bal-andrzejkowy","status":"publish","type":"post","link":"https:\/\/zabnica.e-przedszkolak.eu\/archiwum\/2023\/12\/11\/bal-andrzejkowy\/","title":{"rendered":"Bal andrzejkowy"},"content":{"rendered":"<p style=\"text-align: justify;\">Hokus-pokus, czary -mary, niech si\u0119 spe\u0142ni\u0105 andrzejkowe czary.<br \/>\n30 listopada odby\u0142y si\u0119 w przedszkolu Andrzejki &#8211; czarodziejski dzie\u0144 pe\u0142en wr\u00f3\u017cb i zabaw.<!--more--><\/p>\nngg_shortcode_0_placeholder\n","protected":false},"excerpt":{"rendered":"<p>Hokus-pokus, czary -mary, niech si\u0119 spe\u0142ni\u0105 andrzejkowe czary. 30 listopada odby\u0142y si\u0119 w przedszkolu Andrzejki &#8211; czarodziejski dzie\u0144 pe\u0142en wr\u00f3\u017cb i zabaw.<\/p>\n","protected":false},"author":3,"featured_media":4702,"comment_status":"open","ping_status":"open","sticky":false,"template":"","format":"standard","meta":{"ngg_post_thumbnail":0,"footnotes":""},"categories":[1],"tags":[],"class_list":["post-4691","post","type-post","status-publish","format-standard","has-post-thumbnail","hentry","category-bez-kategorii"],"_links":{"self":[{"href":"https:\/\/zabnica.e-przedszkolak.eu\/archiwum\/wp-json\/wp\/v2\/posts\/4691","targetHints":{"allow":["GET"]}}],"collection":[{"href":"https:\/\/zabnica.e-przedszkolak.eu\/archiwum\/wp-json\/wp\/v2\/posts"}],"about":[{"href":"https:\/\/zabnica.e-przedszkolak.eu\/archiwum\/wp-json\/wp\/v2\/types\/post"}],"author":[{"embeddable":true,"href":"https:\/\/zabnica.e-przedszkolak.eu\/archiwum\/wp-json\/wp\/v2\/users\/3"}],"replies":[{"embeddable":true,"href":"https:\/\/zabnica.e-przedszkolak.eu\/archiwum\/wp-json\/wp\/v2\/comments?post=4691"}],"version-history":[{"count":1,"href":"https:\/\/zabnica.e-przedszkolak.eu\/archiwum\/wp-json\/wp\/v2\/posts\/4691\/revisions"}],"predecessor-version":[{"id":4703,"href":"https:\/\/zabnica.e-przedszkolak.eu\/archiwum\/wp-json\/wp\/v2\/posts\/4691\/revisions\/4703"}],"wp:featuredmedia":[{"embeddable":true,"href":"https:\/\/zabnica.e-przedszkolak.eu\/archiwum\/wp-json\/wp\/v2\/media\/4702"}],"wp:attachment":[{"href":"https:\/\/zabnica.e-przedszkolak.eu\/archiwum\/wp-json\/wp\/v2\/media?parent=4691"}],"wp:term":[{"taxonomy":"category","embeddable":true,"href":"https:\/\/zabnica.e-przedszkolak.eu\/archiwum\/wp-json\/wp\/v2\/categories?post=4691"},{"taxonomy":"post_tag","embeddable":true,"href":"https:\/\/zabnica.e-przedszkolak.eu\/archiwum\/wp-json\/wp\/v2\/tags?post=4691"}],"curies":[{"name":"wp","href":"https:\/\/api.w.org\/{rel}","templated":true}]}}