 {"id":4704,"date":"2023-12-11T22:39:55","date_gmt":"2023-12-11T21:39:55","guid":{"rendered":"https:\/\/zabnica.e-przedszkolak.eu\/?p=4704"},"modified":"2023-12-11T22:40:36","modified_gmt":"2023-12-11T21:40:36","slug":"mikolajki","status":"publish","type":"post","link":"https:\/\/zabnica.e-przedszkolak.eu\/archiwum\/2023\/12\/11\/mikolajki\/","title":{"rendered":"Miko\u0142ajki"},"content":{"rendered":"<p>Ju\u017c \u015bniegiem zima \u015bwiat okry\u0142a.&nbsp;<br \/>\nJu\u017c kto\u015b zagl\u0105da do przedszkola<br \/>\nTo z siw\u0105 brod\u0105 przemi\u0142y go\u015b\u0107.<br \/>\nNasz kochany Miko\u0142aj<br \/>\nDzi\u015b prezenty rozda\u0142 nam.<br \/>\nBy\u015bmy mogli cieszy\u0107 si\u0119,&#8230;.<!--more--><\/p>\nngg_shortcode_0_placeholder\n","protected":false},"excerpt":{"rendered":"<p>Ju\u017c \u015bniegiem zima \u015bwiat okry\u0142a.&nbsp; Ju\u017c kto\u015b zagl\u0105da do przedszkola To z siw\u0105 brod\u0105 przemi\u0142y go\u015b\u0107. Nasz kochany Miko\u0142aj Dzi\u015b prezenty rozda\u0142 nam. By\u015bmy mogli cieszy\u0107 si\u0119,&#8230;.<\/p>\n","protected":false},"author":3,"featured_media":4717,"comment_status":"open","ping_status":"open","sticky":false,"template":"","format":"standard","meta":{"ngg_post_thumbnail":0,"footnotes":""},"categories":[1],"tags":[],"class_list":["post-4704","post","type-post","status-publish","format-standard","has-post-thumbnail","hentry","category-bez-kategorii"],"_links":{"self":[{"href":"https:\/\/zabnica.e-przedszkolak.eu\/archiwum\/wp-json\/wp\/v2\/posts\/4704","targetHints":{"allow":["GET"]}}],"collection":[{"href":"https:\/\/zabnica.e-przedszkolak.eu\/archiwum\/wp-json\/wp\/v2\/posts"}],"about":[{"href":"https:\/\/zabnica.e-przedszkolak.eu\/archiwum\/wp-json\/wp\/v2\/types\/post"}],"author":[{"embeddable":true,"href":"https:\/\/zabnica.e-przedszkolak.eu\/archiwum\/wp-json\/wp\/v2\/users\/3"}],"replies":[{"embeddable":true,"href":"https:\/\/zabnica.e-przedszkolak.eu\/archiwum\/wp-json\/wp\/v2\/comments?post=4704"}],"version-history":[{"count":1,"href":"https:\/\/zabnica.e-przedszkolak.eu\/archiwum\/wp-json\/wp\/v2\/posts\/4704\/revisions"}],"predecessor-version":[{"id":4716,"href":"https:\/\/zabnica.e-przedszkolak.eu\/archiwum\/wp-json\/wp\/v2\/posts\/4704\/revisions\/4716"}],"wp:featuredmedia":[{"embeddable":true,"href":"https:\/\/zabnica.e-przedszkolak.eu\/archiwum\/wp-json\/wp\/v2\/media\/4717"}],"wp:attachment":[{"href":"https:\/\/zabnica.e-przedszkolak.eu\/archiwum\/wp-json\/wp\/v2\/media?parent=4704"}],"wp:term":[{"taxonomy":"category","embeddable":true,"href":"https:\/\/zabnica.e-przedszkolak.eu\/archiwum\/wp-json\/wp\/v2\/categories?post=4704"},{"taxonomy":"post_tag","embeddable":true,"href":"https:\/\/zabnica.e-przedszkolak.eu\/archiwum\/wp-json\/wp\/v2\/tags?post=4704"}],"curies":[{"name":"wp","href":"https:\/\/api.w.org\/{rel}","templated":true}]}}